{"id":30,"date":"2023-10-01T11:54:12","date_gmt":"2023-10-01T08:54:12","guid":{"rendered":"https:\/\/kolon-guclendirme.com\/karaman\/karaman-sariveliler-frp-fiber-kiris-guclendirme-malzemesi-9872\/"},"modified":"2023-10-01T11:54:12","modified_gmt":"2023-10-01T08:54:12","slug":"karaman-sariveliler-frp-fiber-kiris-guclendirme-malzemesi-9872","status":"publish","type":"post","link":"https:\/\/kolon-guclendirme.com\/karaman\/karaman-sariveliler-frp-fiber-kiris-guclendirme-malzemesi-9872\/","title":{"rendered":"Karaman Sar\u0131veliler Frp fiber kiri\u015f g\u00fc\u00e7lendirme malzemesi"},"content":{"rendered":"<p>Karaman Sar\u0131veliler Frp fiber kiri\u015f g\u00fc\u00e7lendirme malzemesi 9872 Ermenek Carbon elyaf yap\u0131 kaplama malzemesi 4721, Kaz\u0131mkarabekir Duvar carbon elyaf kaplama 9560, Ermenek Frp elyaf duvar g\u00fc\u00e7lendirme firmalar\u0131 8114, Ermenek Frp kiri\u015f g\u00fc\u00e7lendirme maliyeti 8904, Sar\u0131veliler Bina karbon elyaf kaplama fiyat\u0131 3343, Ba\u015fyayla Kiri\u015f karbon elyaf g\u00fc\u00e7lendirme malzemesi 5057 Karaman ve Sar\u0131veliler de Hizmet vermekteyiz Karbon Fiber Kolon Kiri\u015f G\u00fc\u00e7lendirme i\u015flerinizde En uygun Fiyat Kaliteli i\u015f\u00e7ilik i\u00e7in 7\/24 Saat Firmam\u0131z ile ileti\u015fime Ge\u00e7ebilirsiniz www.kolon-guclendirme.com +905427483855<\/p>\n<p>        <!-- \/wp:paragraph --><\/p>\n<div id='gallery-1' class='gallery galleryid-30 gallery-columns-2 gallery-size-large'><figure class='gallery-item'>\n\t\t\t<div class='gallery-icon portrait'>\n\t\t\t\t<a href='https:\/\/kolon-guclendirme.com\/karaman\/wp-content\/uploads\/sites\/65\/2023\/09\/Karaman-Karbon-kece-kolon-guclendirme-19461.webp'><img loading=\"lazy\" decoding=\"async\" width=\"853\" height=\"1200\" src=\"https:\/\/kolon-guclendirme.com\/karaman\/wp-content\/uploads\/sites\/65\/2023\/09\/Karaman-Karbon-kece-kolon-guclendirme-19461.webp\" class=\"attachment-large size-large\" alt=\"Sar\u0131veliler Carbon lif bina kaplama fiyat\u0131\" srcset=\"https:\/\/kolon-guclendirme.com\/karaman\/wp-content\/uploads\/sites\/65\/2023\/09\/Karaman-Karbon-kece-kolon-guclendirme-19461.webp 853w, https:\/\/kolon-guclendirme.com\/karaman\/wp-content\/uploads\/sites\/65\/2023\/09\/Karaman-Karbon-kece-kolon-guclendirme-19461-768x1080.webp 768w\" sizes=\"(max-width: 853px) 100vw, 853px\" \/><\/a>\n\t\t\t<\/div><\/figure><figure class='gallery-item'>\n\t\t\t<div class='gallery-icon portrait'>\n\t\t\t\t<a href='https:\/\/kolon-guclendirme.com\/karaman\/wp-content\/uploads\/sites\/65\/2023\/09\/Karaman-karbon-fiber-guclendirme-nedir-63910.webp'><img loading=\"lazy\" decoding=\"async\" width=\"853\" height=\"1200\" src=\"https:\/\/kolon-guclendirme.com\/karaman\/wp-content\/uploads\/sites\/65\/2023\/09\/Karaman-karbon-fiber-guclendirme-nedir-63910.webp\" class=\"attachment-large size-large\" alt=\"\" srcset=\"https:\/\/kolon-guclendirme.com\/karaman\/wp-content\/uploads\/sites\/65\/2023\/09\/Karaman-karbon-fiber-guclendirme-nedir-63910.webp 853w, https:\/\/kolon-guclendirme.com\/karaman\/wp-content\/uploads\/sites\/65\/2023\/09\/Karaman-karbon-fiber-guclendirme-nedir-63910-768x1080.webp 768w\" sizes=\"(max-width: 853px) 100vw, 853px\" \/><\/a>\n\t\t\t<\/div><\/figure>\n\t\t<\/div>\n\n","protected":false},"excerpt":{"rendered":"<p>Karaman Sar\u0131veliler Frp fiber kiri\u015f g\u00fc\u00e7lendirme malzemesi 9872 Ermenek Carbon elyaf yap\u0131 kaplama malzemesi 4721, Kaz\u0131mkarabekir Duvar carbon elyaf kaplama 9560, Ermenek Frp elyaf duvar g\u00fc\u00e7lendirme firmalar\u0131 8114, Ermenek Frp &#8230;<\/p>\n","protected":false},"author":1,"featured_media":1666,"comment_status":"open","ping_status":"open","sticky":false,"template":"","format":"standard","meta":{"footnotes":""},"categories":[1],"tags":[37,4,3,98,35],"_links":{"self":[{"href":"https:\/\/kolon-guclendirme.com\/karaman\/wp-json\/wp\/v2\/posts\/30"}],"collection":[{"href":"https:\/\/kolon-guclendirme.com\/karaman\/wp-json\/wp\/v2\/posts"}],"about":[{"href":"https:\/\/kolon-guclendirme.com\/karaman\/wp-json\/wp\/v2\/types\/post"}],"author":[{"embeddable":true,"href":"https:\/\/kolon-guclendirme.com\/karaman\/wp-json\/wp\/v2\/users\/1"}],"replies":[{"embeddable":true,"href":"https:\/\/kolon-guclendirme.com\/karaman\/wp-json\/wp\/v2\/comments?post=30"}],"version-history":[{"count":1,"href":"https:\/\/kolon-guclendirme.com\/karaman\/wp-json\/wp\/v2\/posts\/30\/revisions"}],"predecessor-version":[{"id":1767,"href":"https:\/\/kolon-guclendirme.com\/karaman\/wp-json\/wp\/v2\/posts\/30\/revisions\/1767"}],"wp:featuredmedia":[{"embeddable":true,"href":"https:\/\/kolon-guclendirme.com\/karaman\/wp-json\/wp\/v2\/media\/1666"}],"wp:attachment":[{"href":"https:\/\/kolon-guclendirme.com\/karaman\/wp-json\/wp\/v2\/media?parent=30"}],"wp:term":[{"taxonomy":"category","embeddable":true,"href":"https:\/\/kolon-guclendirme.com\/karaman\/wp-json\/wp\/v2\/categories?post=30"},{"taxonomy":"post_tag","embeddable":true,"href":"https:\/\/kolon-guclendirme.com\/karaman\/wp-json\/wp\/v2\/tags?post=30"}],"curies":[{"name":"wp","href":"https:\/\/api.w.org\/{rel}","templated":true}]}}