{"id":28,"date":"2023-10-01T11:54:13","date_gmt":"2023-10-01T08:54:13","guid":{"rendered":"https:\/\/kolon-guclendirme.com\/karaman\/karaman-ermenek-duvar-karbon-guclendirme-firmalari-4548\/"},"modified":"2023-10-01T11:54:13","modified_gmt":"2023-10-01T08:54:13","slug":"karaman-ermenek-duvar-karbon-guclendirme-firmalari-4548","status":"publish","type":"post","link":"https:\/\/kolon-guclendirme.com\/karaman\/karaman-ermenek-duvar-karbon-guclendirme-firmalari-4548\/","title":{"rendered":"Karaman Ermenek Duvar karbon g\u00fc\u00e7lendirme firmalar\u0131"},"content":{"rendered":"<p>Karaman Ermenek Duvar karbon g\u00fc\u00e7lendirme firmalar\u0131 4548 Sar\u0131veliler Karbon ke\u00e7e g\u00fc\u00e7lendirme 1165, Ayranc\u0131 Bina frp fiber kaplama fiyat\u0131 9436, Kaz\u0131mkarabekir Balkon frp lif g\u00fc\u00e7lendirme 4192, Ayranc\u0131 Betonarme kiri\u015f g\u00fc\u00e7lendirme ustas\u0131 5397, Ba\u015fyayla Yap\u0131 karbon ke\u00e7e g\u00fc\u00e7lendirme yapanlar 6402, Ayranc\u0131 Kiri\u015f frp ke\u00e7e g\u00fc\u00e7lendirme firmas\u0131 5476 Karaman ve Sar\u0131veliler de Hizmet vermekteyiz Karbon Fiber Kolon Kiri\u015f G\u00fc\u00e7lendirme i\u015flerinizde En uygun Fiyat Kaliteli i\u015f\u00e7ilik i\u00e7in 7\/24 Saat Firmam\u0131z ile ileti\u015fime Ge\u00e7ebilirsiniz www.guclendirmefirmasi.com +905427483855<\/p>\n<p>        <!-- \/wp:paragraph --><\/p>\n<div id='gallery-1' class='gallery galleryid-28 gallery-columns-2 gallery-size-large'><figure class='gallery-item'>\n\t\t\t<div class='gallery-icon portrait'>\n\t\t\t\t<a href='https:\/\/kolon-guclendirme.com\/karaman\/wp-content\/uploads\/sites\/65\/2023\/09\/Karaman-Frp-kumas-epoksi-kaplama-malzemesi-33254.webp'><img loading=\"lazy\" decoding=\"async\" width=\"853\" height=\"1200\" src=\"https:\/\/kolon-guclendirme.com\/karaman\/wp-content\/uploads\/sites\/65\/2023\/09\/Karaman-Frp-kumas-epoksi-kaplama-malzemesi-33254.webp\" class=\"attachment-large size-large\" alt=\"\" srcset=\"https:\/\/kolon-guclendirme.com\/karaman\/wp-content\/uploads\/sites\/65\/2023\/09\/Karaman-Frp-kumas-epoksi-kaplama-malzemesi-33254.webp 853w, https:\/\/kolon-guclendirme.com\/karaman\/wp-content\/uploads\/sites\/65\/2023\/09\/Karaman-Frp-kumas-epoksi-kaplama-malzemesi-33254-768x1080.webp 768w\" sizes=\"(max-width: 853px) 100vw, 853px\" \/><\/a>\n\t\t\t<\/div><\/figure><figure class='gallery-item'>\n\t\t\t<div class='gallery-icon portrait'>\n\t\t\t\t<a href='https:\/\/kolon-guclendirme.com\/karaman\/wp-content\/uploads\/sites\/65\/2023\/09\/Karaman-karbon-fiber-kompozit-guclendirme-53776.webp'><img loading=\"lazy\" decoding=\"async\" width=\"853\" height=\"1200\" src=\"https:\/\/kolon-guclendirme.com\/karaman\/wp-content\/uploads\/sites\/65\/2023\/09\/Karaman-karbon-fiber-kompozit-guclendirme-53776.webp\" class=\"attachment-large size-large\" alt=\"Ba\u015fyayla Tavan frp elyaf g\u00fc\u00e7lendirme\" srcset=\"https:\/\/kolon-guclendirme.com\/karaman\/wp-content\/uploads\/sites\/65\/2023\/09\/Karaman-karbon-fiber-kompozit-guclendirme-53776.webp 853w, https:\/\/kolon-guclendirme.com\/karaman\/wp-content\/uploads\/sites\/65\/2023\/09\/Karaman-karbon-fiber-kompozit-guclendirme-53776-768x1080.webp 768w\" sizes=\"(max-width: 853px) 100vw, 853px\" \/><\/a>\n\t\t\t<\/div><\/figure>\n\t\t<\/div>\n\n","protected":false},"excerpt":{"rendered":"<p>Karaman Ermenek Duvar karbon g\u00fc\u00e7lendirme firmalar\u0131 4548 Sar\u0131veliler Karbon ke\u00e7e g\u00fc\u00e7lendirme 1165, Ayranc\u0131 Bina frp fiber kaplama fiyat\u0131 9436, Kaz\u0131mkarabekir Balkon frp lif g\u00fc\u00e7lendirme 4192, Ayranc\u0131 Betonarme kiri\u015f g\u00fc\u00e7lendirme ustas\u0131 &#8230;<\/p>\n","protected":false},"author":1,"featured_media":1586,"comment_status":"open","ping_status":"open","sticky":false,"template":"","format":"standard","meta":{"footnotes":""},"categories":[1],"tags":[39,48,4,20,21],"_links":{"self":[{"href":"https:\/\/kolon-guclendirme.com\/karaman\/wp-json\/wp\/v2\/posts\/28"}],"collection":[{"href":"https:\/\/kolon-guclendirme.com\/karaman\/wp-json\/wp\/v2\/posts"}],"about":[{"href":"https:\/\/kolon-guclendirme.com\/karaman\/wp-json\/wp\/v2\/types\/post"}],"author":[{"embeddable":true,"href":"https:\/\/kolon-guclendirme.com\/karaman\/wp-json\/wp\/v2\/users\/1"}],"replies":[{"embeddable":true,"href":"https:\/\/kolon-guclendirme.com\/karaman\/wp-json\/wp\/v2\/comments?post=28"}],"version-history":[{"count":1,"href":"https:\/\/kolon-guclendirme.com\/karaman\/wp-json\/wp\/v2\/posts\/28\/revisions"}],"predecessor-version":[{"id":1768,"href":"https:\/\/kolon-guclendirme.com\/karaman\/wp-json\/wp\/v2\/posts\/28\/revisions\/1768"}],"wp:featuredmedia":[{"embeddable":true,"href":"https:\/\/kolon-guclendirme.com\/karaman\/wp-json\/wp\/v2\/media\/1586"}],"wp:attachment":[{"href":"https:\/\/kolon-guclendirme.com\/karaman\/wp-json\/wp\/v2\/media?parent=28"}],"wp:term":[{"taxonomy":"category","embeddable":true,"href":"https:\/\/kolon-guclendirme.com\/karaman\/wp-json\/wp\/v2\/categories?post=28"},{"taxonomy":"post_tag","embeddable":true,"href":"https:\/\/kolon-guclendirme.com\/karaman\/wp-json\/wp\/v2\/tags?post=28"}],"curies":[{"name":"wp","href":"https:\/\/api.w.org\/{rel}","templated":true}]}}