{"id":224,"date":"2023-10-01T11:53:36","date_gmt":"2023-10-01T08:53:36","guid":{"rendered":"https:\/\/kolon-guclendirme.com\/karaman\/karaman-karbon-elyaf-kolon-guclendirme\/"},"modified":"2023-10-01T11:53:36","modified_gmt":"2023-10-01T08:53:36","slug":"karaman-karbon-elyaf-kolon-guclendirme","status":"publish","type":"post","link":"https:\/\/kolon-guclendirme.com\/karaman\/karaman-karbon-elyaf-kolon-guclendirme\/","title":{"rendered":"Karaman karbon elyaf kolon g\u00fc\u00e7lendirme"},"content":{"rendered":"<p>Karbon elyaf kolon g\u00fc\u00e7lendirmesi, ah\u015fap kolonlar\u0131n kar\u015f\u0131la\u015ft\u0131\u011f\u0131 y\u00fckleri ta\u015f\u0131ma kapasitesini artt\u0131rmaya yard\u0131mc\u0131 olan bir tekniktir. Bu teknik, \u00e7ok katl\u0131 binalarda, t\u00fcnel, k\u00f6pr\u00fc ve di\u011fer yap\u0131larda kullan\u0131lmaktad\u0131r. Karbon elyaf kolon g\u00fc\u00e7lendirmesi, ah\u015fab\u0131n y\u00fcksek mukavemetine sahip olmas\u0131n\u0131 sa\u011flayarak, yap\u0131n\u0131n sa\u011flaml\u0131\u011f\u0131n\u0131 ve dayan\u0131kl\u0131l\u0131\u011f\u0131n\u0131 artt\u0131r\u0131r. Ayr\u0131ca, karbon elyaf kolon g\u00fc\u00e7lendirmesi, yap\u0131n\u0131n s\u0131cakl\u0131k ve nem de\u011fi\u015fimlerine kar\u015f\u0131 daha dayan\u0131kl\u0131 olmas\u0131n\u0131 sa\u011flar. B\u00f6ylece, kolonlar\u0131n uzun \u00f6m\u00fcrl\u00fc olmas\u0131 ve \u00e7al\u0131\u015fma performans\u0131n\u0131 artt\u0131rmas\u0131 sa\u011flan\u0131r.<\/p>\n<p>        <!-- \/wp:paragraph --><\/p>\n<div id='gallery-1' class='gallery galleryid-224 gallery-columns-2 gallery-size-large'><figure class='gallery-item'>\n\t\t\t<div class='gallery-icon portrait'>\n\t\t\t\t<a href='https:\/\/kolon-guclendirme.com\/karaman\/wp-content\/uploads\/sites\/65\/2023\/09\/Karaman-Zemin-frp-kece-guclendirme-sistemleri-5154.webp'><img loading=\"lazy\" decoding=\"async\" width=\"853\" height=\"1200\" src=\"https:\/\/kolon-guclendirme.com\/karaman\/wp-content\/uploads\/sites\/65\/2023\/09\/Karaman-Zemin-frp-kece-guclendirme-sistemleri-5154.webp\" class=\"attachment-large size-large\" alt=\"\" srcset=\"https:\/\/kolon-guclendirme.com\/karaman\/wp-content\/uploads\/sites\/65\/2023\/09\/Karaman-Zemin-frp-kece-guclendirme-sistemleri-5154.webp 853w, https:\/\/kolon-guclendirme.com\/karaman\/wp-content\/uploads\/sites\/65\/2023\/09\/Karaman-Zemin-frp-kece-guclendirme-sistemleri-5154-768x1080.webp 768w\" sizes=\"(max-width: 853px) 100vw, 853px\" \/><\/a>\n\t\t\t<\/div><\/figure><figure class='gallery-item'>\n\t\t\t<div class='gallery-icon portrait'>\n\t\t\t\t<a href='https:\/\/kolon-guclendirme.com\/karaman\/wp-content\/uploads\/sites\/65\/2023\/09\/Karaman-karbon-fiber-guclendirme-deneyi-86268.webp'><img loading=\"lazy\" decoding=\"async\" width=\"853\" height=\"1200\" src=\"https:\/\/kolon-guclendirme.com\/karaman\/wp-content\/uploads\/sites\/65\/2023\/09\/Karaman-karbon-fiber-guclendirme-deneyi-86268.webp\" class=\"attachment-large size-large\" alt=\"Sar\u0131veliler Betonarme bina karbon g\u00fc\u00e7lendirme malzemesi\" srcset=\"https:\/\/kolon-guclendirme.com\/karaman\/wp-content\/uploads\/sites\/65\/2023\/09\/Karaman-karbon-fiber-guclendirme-deneyi-86268.webp 853w, https:\/\/kolon-guclendirme.com\/karaman\/wp-content\/uploads\/sites\/65\/2023\/09\/Karaman-karbon-fiber-guclendirme-deneyi-86268-768x1080.webp 768w\" sizes=\"(max-width: 853px) 100vw, 853px\" \/><\/a>\n\t\t\t<\/div><\/figure>\n\t\t<\/div>\n\n","protected":false},"excerpt":{"rendered":"<p>Karbon elyaf kolon g\u00fc\u00e7lendirmesi, ah\u015fap kolonlar\u0131n kar\u015f\u0131la\u015ft\u0131\u011f\u0131 y\u00fckleri ta\u015f\u0131ma kapasitesini artt\u0131rmaya yard\u0131mc\u0131 olan bir tekniktir. Bu teknik, \u00e7ok katl\u0131 binalarda, t\u00fcnel, k\u00f6pr\u00fc ve di\u011fer yap\u0131larda kullan\u0131lmaktad\u0131r. Karbon elyaf kolon g\u00fc\u00e7lendirmesi, &#8230;<\/p>\n","protected":false},"author":1,"featured_media":1641,"comment_status":"open","ping_status":"open","sticky":false,"template":"","format":"standard","meta":{"footnotes":""},"categories":[1],"tags":[37,62,61,63,64],"_links":{"self":[{"href":"https:\/\/kolon-guclendirme.com\/karaman\/wp-json\/wp\/v2\/posts\/224"}],"collection":[{"href":"https:\/\/kolon-guclendirme.com\/karaman\/wp-json\/wp\/v2\/posts"}],"about":[{"href":"https:\/\/kolon-guclendirme.com\/karaman\/wp-json\/wp\/v2\/types\/post"}],"author":[{"embeddable":true,"href":"https:\/\/kolon-guclendirme.com\/karaman\/wp-json\/wp\/v2\/users\/1"}],"replies":[{"embeddable":true,"href":"https:\/\/kolon-guclendirme.com\/karaman\/wp-json\/wp\/v2\/comments?post=224"}],"version-history":[{"count":1,"href":"https:\/\/kolon-guclendirme.com\/karaman\/wp-json\/wp\/v2\/posts\/224\/revisions"}],"predecessor-version":[{"id":1710,"href":"https:\/\/kolon-guclendirme.com\/karaman\/wp-json\/wp\/v2\/posts\/224\/revisions\/1710"}],"wp:featuredmedia":[{"embeddable":true,"href":"https:\/\/kolon-guclendirme.com\/karaman\/wp-json\/wp\/v2\/media\/1641"}],"wp:attachment":[{"href":"https:\/\/kolon-guclendirme.com\/karaman\/wp-json\/wp\/v2\/media?parent=224"}],"wp:term":[{"taxonomy":"category","embeddable":true,"href":"https:\/\/kolon-guclendirme.com\/karaman\/wp-json\/wp\/v2\/categories?post=224"},{"taxonomy":"post_tag","embeddable":true,"href":"https:\/\/kolon-guclendirme.com\/karaman\/wp-json\/wp\/v2\/tags?post=224"}],"curies":[{"name":"wp","href":"https:\/\/api.w.org\/{rel}","templated":true}]}}