{"id":1839,"date":"2024-02-10T13:29:43","date_gmt":"2024-02-10T10:29:43","guid":{"rendered":"https:\/\/kolon-guclendirme.com\/karaman\/kazimkarabekir-bina-karbon-fiber-guclendirme-malzemesi\/"},"modified":"2024-02-10T13:29:46","modified_gmt":"2024-02-10T10:29:46","slug":"kazimkarabekir-bina-karbon-fiber-guclendirme-malzemesi","status":"publish","type":"post","link":"https:\/\/kolon-guclendirme.com\/karaman\/kazimkarabekir-bina-karbon-fiber-guclendirme-malzemesi\/","title":{"rendered":"Kaz\u0131mkarabekir Bina karbon fiber g\u00fc\u00e7lendirme malzemesi"},"content":{"rendered":"<p>Kaz\u0131mkarabekir il\u00e7esi, Karaman ilinin g\u00fcneyinde yer alan ve \u00f6nemli bir tarihi ve k\u00fclt\u00fcrel mirasa sahip olan bir il\u00e7edir. \u0130l\u00e7ede bulunan tarihi yap\u0131lar\u0131n g\u00fc\u00e7lendirilmesi ve korunmas\u0131 i\u00e7in, bina karbon fiber g\u00fc\u00e7lendirme malzemesi kullan\u0131lmaktad\u0131r. Karbon fiber g\u00fc\u00e7lendirme, yap\u0131lar\u0131n ta\u015f\u0131ma kapasitesini ve dayan\u0131kl\u0131l\u0131\u011f\u0131n\u0131 art\u0131rmak i\u00e7in kullan\u0131lan bir y\u00f6ntemdir. Bu y\u00f6ntem, karbon fiber kuma\u015flar\u0131n yap\u0131sal elemanlara yap\u0131\u015ft\u0131r\u0131lmas\u0131yla uygulan\u0131r. Karbon fiber kuma\u015flar, y\u00fcksek mukavemete ve hafifli\u011fe sahip olduklar\u0131 i\u00e7in, yap\u0131lar\u0131n g\u00fc\u00e7lendirilmesi i\u00e7in idealdir. Kaz\u0131mkarabekir il\u00e7esinde, bina karbon fiber g\u00fc\u00e7lendirme malzemesi, tarihi yap\u0131lar\u0131n g\u00fc\u00e7lendirilmesi ve korunmas\u0131 i\u00e7in yayg\u0131n olarak kullan\u0131lmaktad\u0131r. Bu y\u00f6ntem, yap\u0131lar\u0131n dayan\u0131kl\u0131l\u0131\u011f\u0131n\u0131 art\u0131rarak, olas\u0131 deprem ve di\u011fer do\u011fal afetlerden kaynaklanan hasarlar\u0131 azaltmaktad\u0131r.<div id='gallery-1' class='gallery galleryid-1839 gallery-columns-2 gallery-size-large'><figure class='gallery-item'>\n\t\t\t<div class='gallery-icon portrait'>\n\t\t\t\t<a href='https:\/\/kolon-guclendirme.com\/karaman\/wp-content\/uploads\/sites\/65\/2023\/09\/Karaman-Bina-guclendirme-istanbul-30188.webp'><img loading=\"lazy\" decoding=\"async\" width=\"853\" height=\"1200\" src=\"https:\/\/kolon-guclendirme.com\/karaman\/wp-content\/uploads\/sites\/65\/2023\/09\/Karaman-Bina-guclendirme-istanbul-30188.webp\" class=\"attachment-large size-large\" alt=\"Ba\u015fyayla Karbon fiber kolon kaplama\" srcset=\"https:\/\/kolon-guclendirme.com\/karaman\/wp-content\/uploads\/sites\/65\/2023\/09\/Karaman-Bina-guclendirme-istanbul-30188.webp 853w, https:\/\/kolon-guclendirme.com\/karaman\/wp-content\/uploads\/sites\/65\/2023\/09\/Karaman-Bina-guclendirme-istanbul-30188-768x1080.webp 768w\" sizes=\"(max-width: 853px) 100vw, 853px\" \/><\/a>\n\t\t\t<\/div><\/figure><figure class='gallery-item'>\n\t\t\t<div class='gallery-icon portrait'>\n\t\t\t\t<a href='https:\/\/kolon-guclendirme.com\/karaman\/wp-content\/uploads\/sites\/65\/2023\/09\/Karaman-Frp-kaplama-sistemleri-17617.webp'><img loading=\"lazy\" decoding=\"async\" width=\"853\" height=\"1200\" src=\"https:\/\/kolon-guclendirme.com\/karaman\/wp-content\/uploads\/sites\/65\/2023\/09\/Karaman-Frp-kaplama-sistemleri-17617.webp\" class=\"attachment-large size-large\" alt=\"Sar\u0131veliler Carbon fiber teras g\u00fc\u00e7lendirme malzemesi\" srcset=\"https:\/\/kolon-guclendirme.com\/karaman\/wp-content\/uploads\/sites\/65\/2023\/09\/Karaman-Frp-kaplama-sistemleri-17617.webp 853w, https:\/\/kolon-guclendirme.com\/karaman\/wp-content\/uploads\/sites\/65\/2023\/09\/Karaman-Frp-kaplama-sistemleri-17617-768x1080.webp 768w\" sizes=\"(max-width: 853px) 100vw, 853px\" \/><\/a>\n\t\t\t<\/div><\/figure>\n\t\t<\/div>\n<\/p>\n","protected":false},"excerpt":{"rendered":"<p>Kaz\u0131mkarabekir il\u00e7esi, Karaman ilinin g\u00fcneyinde yer alan ve \u00f6nemli bir tarihi ve k\u00fclt\u00fcrel mirasa sahip olan bir il\u00e7edir. \u0130l\u00e7ede bulunan tarihi yap\u0131lar\u0131n g\u00fc\u00e7lendirilmesi ve korunmas\u0131 i\u00e7in, bina karbon fiber g\u00fc\u00e7lendirme &#8230;<\/p>\n","protected":false},"author":1,"featured_media":1590,"comment_status":"closed","ping_status":"open","sticky":false,"template":"","format":"standard","meta":{"footnotes":""},"categories":[140],"tags":[23,4,20,94,43],"_links":{"self":[{"href":"https:\/\/kolon-guclendirme.com\/karaman\/wp-json\/wp\/v2\/posts\/1839"}],"collection":[{"href":"https:\/\/kolon-guclendirme.com\/karaman\/wp-json\/wp\/v2\/posts"}],"about":[{"href":"https:\/\/kolon-guclendirme.com\/karaman\/wp-json\/wp\/v2\/types\/post"}],"author":[{"embeddable":true,"href":"https:\/\/kolon-guclendirme.com\/karaman\/wp-json\/wp\/v2\/users\/1"}],"replies":[{"embeddable":true,"href":"https:\/\/kolon-guclendirme.com\/karaman\/wp-json\/wp\/v2\/comments?post=1839"}],"version-history":[{"count":1,"href":"https:\/\/kolon-guclendirme.com\/karaman\/wp-json\/wp\/v2\/posts\/1839\/revisions"}],"predecessor-version":[{"id":1840,"href":"https:\/\/kolon-guclendirme.com\/karaman\/wp-json\/wp\/v2\/posts\/1839\/revisions\/1840"}],"wp:featuredmedia":[{"embeddable":true,"href":"https:\/\/kolon-guclendirme.com\/karaman\/wp-json\/wp\/v2\/media\/1590"}],"wp:attachment":[{"href":"https:\/\/kolon-guclendirme.com\/karaman\/wp-json\/wp\/v2\/media?parent=1839"}],"wp:term":[{"taxonomy":"category","embeddable":true,"href":"https:\/\/kolon-guclendirme.com\/karaman\/wp-json\/wp\/v2\/categories?post=1839"},{"taxonomy":"post_tag","embeddable":true,"href":"https:\/\/kolon-guclendirme.com\/karaman\/wp-json\/wp\/v2\/tags?post=1839"}],"curies":[{"name":"wp","href":"https:\/\/api.w.org\/{rel}","templated":true}]}}