{"id":1788,"date":"2023-10-05T04:35:12","date_gmt":"2023-10-05T01:35:12","guid":{"rendered":"https:\/\/kolon-guclendirme.com\/karaman\/sariveliler-betonarme-bina-karbon-guclendirme-malzemesi\/"},"modified":"2023-10-05T04:35:12","modified_gmt":"2023-10-05T01:35:12","slug":"sariveliler-betonarme-bina-karbon-guclendirme-malzemesi","status":"publish","type":"post","link":"https:\/\/kolon-guclendirme.com\/karaman\/sariveliler-betonarme-bina-karbon-guclendirme-malzemesi\/","title":{"rendered":"Sar\u0131veliler Betonarme bina karbon g\u00fc\u00e7lendirme malzemesi"},"content":{"rendered":"<h1>Karaman Sar\u0131veliler Betonarme bina karbon g\u00fc\u00e7lendirme malzemesi<\/h1>\n<p>&#8220;Sar\u0131veliler, Karaman&#8217;\u0131n tarihi il\u00e7elerinden biridir. Bu b\u00f6lgede, \u00f6zellikle betonarme binalar\u0131n karbon g\u00fc\u00e7lendirme ihtiyac\u0131 giderek artmaktad\u0131r. Yap\u0131lar\u0131n dayan\u0131kl\u0131l\u0131\u011f\u0131n\u0131 art\u0131rmak ve \u00e7evresel etkileri en aza indirmek ad\u0131na karbon g\u00fc\u00e7lendirme malzemeleri \u00f6nem kazanm\u0131\u015ft\u0131r. Betonarme binalara uygulanan karbon fiber takviyeli malzemeler, yap\u0131sal sa\u011flaml\u0131\u011f\u0131 art\u0131rarak deprem dayan\u0131kl\u0131l\u0131\u011f\u0131n\u0131 g\u00fc\u00e7lendirir. Sar\u0131veliler&#8217;de bu teknolojik yeniliklere \u00f6nem verilerek, \u00e7evresel s\u00fcrd\u00fcr\u00fclebilirlik ve bina g\u00fcvenli\u011fi sa\u011flanmaktad\u0131r.&#8221;<div id='gallery-1' class='gallery galleryid-1788 gallery-columns-2 gallery-size-large'><figure class='gallery-item'>\n\t\t\t<div class='gallery-icon portrait'>\n\t\t\t\t<a href='https:\/\/kolon-guclendirme.com\/karaman\/wp-content\/uploads\/sites\/65\/2023\/09\/Karaman-5-katli-ev-guclendirme-ustasi-99908.webp'><img loading=\"lazy\" decoding=\"async\" width=\"853\" height=\"1200\" src=\"https:\/\/kolon-guclendirme.com\/karaman\/wp-content\/uploads\/sites\/65\/2023\/09\/Karaman-5-katli-ev-guclendirme-ustasi-99908.webp\" class=\"attachment-large size-large\" alt=\"Ba\u015fyayla Hangi binalara g\u00fc\u00e7lendirme yap\u0131lamaz\" srcset=\"https:\/\/kolon-guclendirme.com\/karaman\/wp-content\/uploads\/sites\/65\/2023\/09\/Karaman-5-katli-ev-guclendirme-ustasi-99908.webp 853w, https:\/\/kolon-guclendirme.com\/karaman\/wp-content\/uploads\/sites\/65\/2023\/09\/Karaman-5-katli-ev-guclendirme-ustasi-99908-768x1080.webp 768w\" sizes=\"(max-width: 853px) 100vw, 853px\" \/><\/a>\n\t\t\t<\/div><\/figure><figure class='gallery-item'>\n\t\t\t<div class='gallery-icon portrait'>\n\t\t\t\t<a href='https:\/\/kolon-guclendirme.com\/karaman\/wp-content\/uploads\/sites\/65\/2023\/09\/Karaman-karbon-fiber-guclendirme-deneyi-86268.webp'><img loading=\"lazy\" decoding=\"async\" width=\"853\" height=\"1200\" src=\"https:\/\/kolon-guclendirme.com\/karaman\/wp-content\/uploads\/sites\/65\/2023\/09\/Karaman-karbon-fiber-guclendirme-deneyi-86268.webp\" class=\"attachment-large size-large\" alt=\"Sar\u0131veliler Betonarme bina karbon g\u00fc\u00e7lendirme malzemesi\" srcset=\"https:\/\/kolon-guclendirme.com\/karaman\/wp-content\/uploads\/sites\/65\/2023\/09\/Karaman-karbon-fiber-guclendirme-deneyi-86268.webp 853w, https:\/\/kolon-guclendirme.com\/karaman\/wp-content\/uploads\/sites\/65\/2023\/09\/Karaman-karbon-fiber-guclendirme-deneyi-86268-768x1080.webp 768w\" sizes=\"(max-width: 853px) 100vw, 853px\" \/><\/a>\n\t\t\t<\/div><\/figure>\n\t\t<\/div>\n<\/p>\n","protected":false},"excerpt":{"rendered":"<p>Karaman Sar\u0131veliler Betonarme bina karbon g\u00fc\u00e7lendirme malzemesi &#8220;Sar\u0131veliler, Karaman&#8217;\u0131n tarihi il\u00e7elerinden biridir. Bu b\u00f6lgede, \u00f6zellikle betonarme binalar\u0131n karbon g\u00fc\u00e7lendirme ihtiyac\u0131 giderek artmaktad\u0131r. Yap\u0131lar\u0131n dayan\u0131kl\u0131l\u0131\u011f\u0131n\u0131 art\u0131rmak ve \u00e7evresel etkileri en aza &#8230;<\/p>\n","protected":false},"author":0,"featured_media":1579,"comment_status":"","ping_status":"open","sticky":false,"template":"","format":"standard","meta":{"footnotes":""},"categories":[107],"tags":[120,44,4,20,35],"_links":{"self":[{"href":"https:\/\/kolon-guclendirme.com\/karaman\/wp-json\/wp\/v2\/posts\/1788"}],"collection":[{"href":"https:\/\/kolon-guclendirme.com\/karaman\/wp-json\/wp\/v2\/posts"}],"about":[{"href":"https:\/\/kolon-guclendirme.com\/karaman\/wp-json\/wp\/v2\/types\/post"}],"replies":[{"embeddable":true,"href":"https:\/\/kolon-guclendirme.com\/karaman\/wp-json\/wp\/v2\/comments?post=1788"}],"version-history":[{"count":0,"href":"https:\/\/kolon-guclendirme.com\/karaman\/wp-json\/wp\/v2\/posts\/1788\/revisions"}],"wp:featuredmedia":[{"embeddable":true,"href":"https:\/\/kolon-guclendirme.com\/karaman\/wp-json\/wp\/v2\/media\/1579"}],"wp:attachment":[{"href":"https:\/\/kolon-guclendirme.com\/karaman\/wp-json\/wp\/v2\/media?parent=1788"}],"wp:term":[{"taxonomy":"category","embeddable":true,"href":"https:\/\/kolon-guclendirme.com\/karaman\/wp-json\/wp\/v2\/categories?post=1788"},{"taxonomy":"post_tag","embeddable":true,"href":"https:\/\/kolon-guclendirme.com\/karaman\/wp-json\/wp\/v2\/tags?post=1788"}],"curies":[{"name":"wp","href":"https:\/\/api.w.org\/{rel}","templated":true}]}}