{"id":176,"date":"2023-10-01T11:53:41","date_gmt":"2023-10-01T08:53:41","guid":{"rendered":"https:\/\/kolon-guclendirme.com\/karaman\/karaman-cfrp-kolon-yapisal-analizi\/"},"modified":"2023-10-01T11:53:41","modified_gmt":"2023-10-01T08:53:41","slug":"karaman-cfrp-kolon-yapisal-analizi","status":"publish","type":"post","link":"https:\/\/kolon-guclendirme.com\/karaman\/karaman-cfrp-kolon-yapisal-analizi\/","title":{"rendered":"Karaman CFRP Kolon Yap\u0131sal Analizi"},"content":{"rendered":"<p>Karbon fiber kompozit kolonlar, g\u00fc\u00e7l\u00fc, dayan\u0131kl\u0131 ve hafif bir yap\u0131 sa\u011flamak i\u00e7in kullan\u0131lan \u00e7ok y\u00f6nl\u00fc yap\u0131sal \u00fcr\u00fcnlerdir. Karaman CFRP Kolon Yap\u0131sal Analizi, g\u00fcvenli ve uzun \u00f6m\u00fcrl\u00fc bir kolon yap\u0131s\u0131n\u0131n tasar\u0131m\u0131 i\u00e7in bir malzeme se\u00e7imi yapmak i\u00e7in kullan\u0131lan y\u00f6ntemlerden biridir. Bu analiz, karbon fiber kompozit kolonlar\u0131n mekanik \u00f6zelliklerini ve kullan\u0131m alanlar\u0131n\u0131 de\u011ferlendirmek i\u00e7in kullan\u0131lan bir tekniktir. Analiz, kolonlar\u0131n kullan\u0131m alan\u0131, malzeme se\u00e7imi ve g\u00fcvenlik \u00f6zellikleri gibi \u00f6nemli konular\u0131 kapsar. Ayr\u0131ca, karbon fiber kompozit kolonlar\u0131n kullan\u0131m alanlar\u0131 ve g\u00fcvenlik \u00f6zellikleri gibi konular\u0131n anla\u015f\u0131lmas<\/p>\n<p>        <!-- \/wp:paragraph --><\/p>\n<div id='gallery-1' class='gallery galleryid-176 gallery-columns-2 gallery-size-large'><figure class='gallery-item'>\n\t\t\t<div class='gallery-icon portrait'>\n\t\t\t\t<a href='https:\/\/kolon-guclendirme.com\/karaman\/wp-content\/uploads\/sites\/65\/2023\/09\/Karaman-Carbon-fiber-kiris-kaplama-yapanlar-62103.webp'><img loading=\"lazy\" decoding=\"async\" width=\"853\" height=\"1200\" src=\"https:\/\/kolon-guclendirme.com\/karaman\/wp-content\/uploads\/sites\/65\/2023\/09\/Karaman-Carbon-fiber-kiris-kaplama-yapanlar-62103.webp\" class=\"attachment-large size-large\" alt=\"Ayranc\u0131 Kolon takviye \u00e7er\u00e7eveleri\" srcset=\"https:\/\/kolon-guclendirme.com\/karaman\/wp-content\/uploads\/sites\/65\/2023\/09\/Karaman-Carbon-fiber-kiris-kaplama-yapanlar-62103.webp 853w, https:\/\/kolon-guclendirme.com\/karaman\/wp-content\/uploads\/sites\/65\/2023\/09\/Karaman-Carbon-fiber-kiris-kaplama-yapanlar-62103-768x1080.webp 768w\" sizes=\"(max-width: 853px) 100vw, 853px\" \/><\/a>\n\t\t\t<\/div><\/figure><figure class='gallery-item'>\n\t\t\t<div class='gallery-icon portrait'>\n\t\t\t\t<a href='https:\/\/kolon-guclendirme.com\/karaman\/wp-content\/uploads\/sites\/65\/2023\/09\/Karaman-Karbon-lif-duvar-guclendirme-sistemleri-83560.webp'><img loading=\"lazy\" decoding=\"async\" width=\"853\" height=\"1200\" src=\"https:\/\/kolon-guclendirme.com\/karaman\/wp-content\/uploads\/sites\/65\/2023\/09\/Karaman-Karbon-lif-duvar-guclendirme-sistemleri-83560.webp\" class=\"attachment-large size-large\" alt=\"\" srcset=\"https:\/\/kolon-guclendirme.com\/karaman\/wp-content\/uploads\/sites\/65\/2023\/09\/Karaman-Karbon-lif-duvar-guclendirme-sistemleri-83560.webp 853w, https:\/\/kolon-guclendirme.com\/karaman\/wp-content\/uploads\/sites\/65\/2023\/09\/Karaman-Karbon-lif-duvar-guclendirme-sistemleri-83560-768x1080.webp 768w\" sizes=\"(max-width: 853px) 100vw, 853px\" \/><\/a>\n\t\t\t<\/div><\/figure>\n\t\t<\/div>\n\n","protected":false},"excerpt":{"rendered":"<p>Karbon fiber kompozit kolonlar, g\u00fc\u00e7l\u00fc, dayan\u0131kl\u0131 ve hafif bir yap\u0131 sa\u011flamak i\u00e7in kullan\u0131lan \u00e7ok y\u00f6nl\u00fc yap\u0131sal \u00fcr\u00fcnlerdir. Karaman CFRP Kolon Yap\u0131sal Analizi, g\u00fcvenli ve uzun \u00f6m\u00fcrl\u00fc bir kolon yap\u0131s\u0131n\u0131n tasar\u0131m\u0131 &#8230;<\/p>\n","protected":false},"author":1,"featured_media":1644,"comment_status":"open","ping_status":"open","sticky":false,"template":"","format":"standard","meta":{"footnotes":""},"categories":[1],"tags":[23,63,80,81,82],"_links":{"self":[{"href":"https:\/\/kolon-guclendirme.com\/karaman\/wp-json\/wp\/v2\/posts\/176"}],"collection":[{"href":"https:\/\/kolon-guclendirme.com\/karaman\/wp-json\/wp\/v2\/posts"}],"about":[{"href":"https:\/\/kolon-guclendirme.com\/karaman\/wp-json\/wp\/v2\/types\/post"}],"author":[{"embeddable":true,"href":"https:\/\/kolon-guclendirme.com\/karaman\/wp-json\/wp\/v2\/users\/1"}],"replies":[{"embeddable":true,"href":"https:\/\/kolon-guclendirme.com\/karaman\/wp-json\/wp\/v2\/comments?post=176"}],"version-history":[{"count":1,"href":"https:\/\/kolon-guclendirme.com\/karaman\/wp-json\/wp\/v2\/posts\/176\/revisions"}],"predecessor-version":[{"id":1718,"href":"https:\/\/kolon-guclendirme.com\/karaman\/wp-json\/wp\/v2\/posts\/176\/revisions\/1718"}],"wp:featuredmedia":[{"embeddable":true,"href":"https:\/\/kolon-guclendirme.com\/karaman\/wp-json\/wp\/v2\/media\/1644"}],"wp:attachment":[{"href":"https:\/\/kolon-guclendirme.com\/karaman\/wp-json\/wp\/v2\/media?parent=176"}],"wp:term":[{"taxonomy":"category","embeddable":true,"href":"https:\/\/kolon-guclendirme.com\/karaman\/wp-json\/wp\/v2\/categories?post=176"},{"taxonomy":"post_tag","embeddable":true,"href":"https:\/\/kolon-guclendirme.com\/karaman\/wp-json\/wp\/v2\/tags?post=176"}],"curies":[{"name":"wp","href":"https:\/\/api.w.org\/{rel}","templated":true}]}}