{"id":103,"date":"2023-10-01T11:53:48","date_gmt":"2023-10-01T08:53:48","guid":{"rendered":"https:\/\/kolon-guclendirme.com\/karaman\/karaman-sariveliler-1-katli-ev-guclendirme-maliyeti-2524\/"},"modified":"2023-10-01T11:53:49","modified_gmt":"2023-10-01T08:53:49","slug":"karaman-sariveliler-1-katli-ev-guclendirme-maliyeti-2524","status":"publish","type":"post","link":"https:\/\/kolon-guclendirme.com\/karaman\/karaman-sariveliler-1-katli-ev-guclendirme-maliyeti-2524\/","title":{"rendered":"Karaman Sar\u0131veliler  katl\u0131 ev g\u00fc\u00e7lendirme maliyeti"},"content":{"rendered":"<p>Karaman Sar\u0131veliler 1 katl\u0131 ev g\u00fc\u00e7lendirme maliyeti 2524 Kaz\u0131mkarabekir Carbon fiber balkon kaplama fiyat\u0131 505, Ba\u015fyayla Kolon frp elyaf g\u00fc\u00e7lendirme ustas\u0131 5856, Ayranc\u0131 Balkon frp kaplama ustas\u0131 6459, Sar\u0131veliler Kiri\u015f frp lif kaplama firmalar\u0131 139, Kaz\u0131mkarabekir Kiri\u015f frp fiber g\u00fc\u00e7lendirme firmalar\u0131 9493, Sar\u0131veliler Frp ke\u00e7e yap\u0131 kaplama 4626 Karaman ve Sar\u0131veliler de Hizmet vermekteyiz Karbon Fiber Kolon Kiri\u015f G\u00fc\u00e7lendirme i\u015flerinizde En uygun Fiyat Kaliteli i\u015f\u00e7ilik i\u00e7in 7\/24 Saat Firmam\u0131z ile ileti\u015fime Ge\u00e7ebilirsiniz www.guclendirmefirmasi.com +905427483855<\/p>\n<p>        <!-- \/wp:paragraph --><\/p>\n<div id='gallery-1' class='gallery galleryid-103 gallery-columns-2 gallery-size-large'><figure class='gallery-item'>\n\t\t\t<div class='gallery-icon portrait'>\n\t\t\t\t<a href='https:\/\/kolon-guclendirme.com\/karaman\/wp-content\/uploads\/sites\/65\/2023\/09\/Karaman-Carbon-elyaf-bina-kaplama-malzemesi-82284.webp'><img loading=\"lazy\" decoding=\"async\" width=\"853\" height=\"1200\" src=\"https:\/\/kolon-guclendirme.com\/karaman\/wp-content\/uploads\/sites\/65\/2023\/09\/Karaman-Carbon-elyaf-bina-kaplama-malzemesi-82284.webp\" class=\"attachment-large size-large\" alt=\"Kaz\u0131mkarabekir FRP Radye Temel G\u00fc\u00e7lendirme\" srcset=\"https:\/\/kolon-guclendirme.com\/karaman\/wp-content\/uploads\/sites\/65\/2023\/09\/Karaman-Carbon-elyaf-bina-kaplama-malzemesi-82284.webp 853w, https:\/\/kolon-guclendirme.com\/karaman\/wp-content\/uploads\/sites\/65\/2023\/09\/Karaman-Carbon-elyaf-bina-kaplama-malzemesi-82284-768x1080.webp 768w\" sizes=\"(max-width: 853px) 100vw, 853px\" \/><\/a>\n\t\t\t<\/div><\/figure><figure class='gallery-item'>\n\t\t\t<div class='gallery-icon portrait'>\n\t\t\t\t<a href='https:\/\/kolon-guclendirme.com\/karaman\/wp-content\/uploads\/sites\/65\/2023\/09\/Karaman-hatayda-karbon-fiber-guclendirme-18349.webp'><img loading=\"lazy\" decoding=\"async\" width=\"853\" height=\"1200\" src=\"https:\/\/kolon-guclendirme.com\/karaman\/wp-content\/uploads\/sites\/65\/2023\/09\/Karaman-hatayda-karbon-fiber-guclendirme-18349.webp\" class=\"attachment-large size-large\" alt=\"Ayranc\u0131 Frp fiber zemin g\u00fc\u00e7lendirme sistemleri\" srcset=\"https:\/\/kolon-guclendirme.com\/karaman\/wp-content\/uploads\/sites\/65\/2023\/09\/Karaman-hatayda-karbon-fiber-guclendirme-18349.webp 853w, https:\/\/kolon-guclendirme.com\/karaman\/wp-content\/uploads\/sites\/65\/2023\/09\/Karaman-hatayda-karbon-fiber-guclendirme-18349-768x1080.webp 768w\" sizes=\"(max-width: 853px) 100vw, 853px\" \/><\/a>\n\t\t\t<\/div><\/figure>\n\t\t<\/div>\n\n","protected":false},"excerpt":{"rendered":"<p>Karaman Sar\u0131veliler 1 katl\u0131 ev g\u00fc\u00e7lendirme maliyeti 2524 Kaz\u0131mkarabekir Carbon fiber balkon kaplama fiyat\u0131 505, Ba\u015fyayla Kolon frp elyaf g\u00fc\u00e7lendirme ustas\u0131 5856, Ayranc\u0131 Balkon frp kaplama ustas\u0131 6459, Sar\u0131veliler Kiri\u015f &#8230;<\/p>\n","protected":false},"author":1,"featured_media":1529,"comment_status":"open","ping_status":"open","sticky":false,"template":"","format":"standard","meta":{"footnotes":""},"categories":[1],"tags":[4,12,28,3,35],"_links":{"self":[{"href":"https:\/\/kolon-guclendirme.com\/karaman\/wp-json\/wp\/v2\/posts\/103"}],"collection":[{"href":"https:\/\/kolon-guclendirme.com\/karaman\/wp-json\/wp\/v2\/posts"}],"about":[{"href":"https:\/\/kolon-guclendirme.com\/karaman\/wp-json\/wp\/v2\/types\/post"}],"author":[{"embeddable":true,"href":"https:\/\/kolon-guclendirme.com\/karaman\/wp-json\/wp\/v2\/users\/1"}],"replies":[{"embeddable":true,"href":"https:\/\/kolon-guclendirme.com\/karaman\/wp-json\/wp\/v2\/comments?post=103"}],"version-history":[{"count":1,"href":"https:\/\/kolon-guclendirme.com\/karaman\/wp-json\/wp\/v2\/posts\/103\/revisions"}],"predecessor-version":[{"id":1731,"href":"https:\/\/kolon-guclendirme.com\/karaman\/wp-json\/wp\/v2\/posts\/103\/revisions\/1731"}],"wp:featuredmedia":[{"embeddable":true,"href":"https:\/\/kolon-guclendirme.com\/karaman\/wp-json\/wp\/v2\/media\/1529"}],"wp:attachment":[{"href":"https:\/\/kolon-guclendirme.com\/karaman\/wp-json\/wp\/v2\/media?parent=103"}],"wp:term":[{"taxonomy":"category","embeddable":true,"href":"https:\/\/kolon-guclendirme.com\/karaman\/wp-json\/wp\/v2\/categories?post=103"},{"taxonomy":"post_tag","embeddable":true,"href":"https:\/\/kolon-guclendirme.com\/karaman\/wp-json\/wp\/v2\/tags?post=103"}],"curies":[{"name":"wp","href":"https:\/\/api.w.org\/{rel}","templated":true}]}}