{"id":266,"date":"2023-10-01T11:52:32","date_gmt":"2023-10-01T08:52:32","guid":{"rendered":"https:\/\/kolon-guclendirme.com\/karabuk\/karabuk-carbon-lif-teras-kaplama-ustasi\/"},"modified":"2023-10-01T11:52:33","modified_gmt":"2023-10-01T08:52:33","slug":"karabuk-carbon-lif-teras-kaplama-ustasi","status":"publish","type":"post","link":"https:\/\/kolon-guclendirme.com\/karabuk\/karabuk-carbon-lif-teras-kaplama-ustasi\/","title":{"rendered":"Karab\u00fck Carbon lif teras kaplama ustas\u0131"},"content":{"rendered":"<p>Karab\u00fck Carbon lif teras kaplama ustas\u0131 Karab\u00fck il\u00e7esinin huzurlu beldesi Eflani, do\u011fal g\u00fczellikleriyle g\u00f6z kama\u015ft\u0131ran bir yerdir. Eflani\u2019de yap\u0131lar\u0131n d\u0131\u015f cephe kaplamas\u0131nda tercih edilen carbon elyaf, son derece dayan\u0131kl\u0131 bir malzemedir. Bu malzeme, yap\u0131lar\u0131n korunmas\u0131nda etkili olurken ayn\u0131 zamanda estetik bir g\u00f6r\u00fcn\u00fcm sa\u011flar. Eflani\u2019deki bir\u00e7ok yap\u0131, carbon elyaf yap\u0131 kaplama malzemesiyle g\u00fc\u00e7lendirilmi\u015ftir. B\u00f6lgedeki firmalar, uzmanl\u0131klar\u0131n\u0131 kullanarak bu malzemeyle yap\u0131lar\u0131n\u0131 g\u00fcvenli ve uzun \u00f6m\u00fcrl\u00fc hale getirmektedir. Eflani\u2019deki ev sahipleri, carbon elyaf ile kaliteli bir yap\u0131 kaplamas\u0131 se\u00e7ene\u011fine sahip olurlar, hem dayan\u0131kl\u0131l\u0131\u011f\u0131 hem de g\u00f6rsel a\u00e7\u0131dan \u015f\u0131k bir g\u00f6r\u00fcn\u00fcm elde ederler. www.karbonguclendirme.com +905427483855 Instagram Facebook TikTok Twitter Medium LinkedIn Link Link Link Link Link Link<\/p>\n<p>        <!-- \/wp:paragraph --><\/p>\n<div id='gallery-1' class='gallery galleryid-266 gallery-columns-2 gallery-size-large'><figure class='gallery-item'>\n\t\t\t<div class='gallery-icon portrait'>\n\t\t\t\t<a href='https:\/\/kolon-guclendirme.com\/karabuk\/wp-content\/uploads\/sites\/64\/2023\/09\/Kabuk-Frp-kece-teras-guclendirme-ustasi-44873.webp'><img loading=\"lazy\" decoding=\"async\" width=\"853\" height=\"1200\" src=\"https:\/\/kolon-guclendirme.com\/karabuk\/wp-content\/uploads\/sites\/64\/2023\/09\/Kabuk-Frp-kece-teras-guclendirme-ustasi-44873.webp\" class=\"attachment-large size-large\" alt=\"Safranbolu Frp kiri\u015f g\u00fc\u00e7lendirme\" srcset=\"https:\/\/kolon-guclendirme.com\/karabuk\/wp-content\/uploads\/sites\/64\/2023\/09\/Kabuk-Frp-kece-teras-guclendirme-ustasi-44873.webp 853w, https:\/\/kolon-guclendirme.com\/karabuk\/wp-content\/uploads\/sites\/64\/2023\/09\/Kabuk-Frp-kece-teras-guclendirme-ustasi-44873-768x1080.webp 768w\" sizes=\"(max-width: 853px) 100vw, 853px\" \/><\/a>\n\t\t\t<\/div><\/figure><figure class='gallery-item'>\n\t\t\t<div class='gallery-icon portrait'>\n\t\t\t\t<a href='https:\/\/kolon-guclendirme.com\/karabuk\/wp-content\/uploads\/sites\/64\/2023\/09\/Kabuk-Kolon-yeniden-insasi-cozumleri-56788.webp'><img loading=\"lazy\" decoding=\"async\" width=\"853\" height=\"1200\" src=\"https:\/\/kolon-guclendirme.com\/karabuk\/wp-content\/uploads\/sites\/64\/2023\/09\/Kabuk-Kolon-yeniden-insasi-cozumleri-56788.webp\" class=\"attachment-large size-large\" alt=\"Karab\u00fck  CFRP Kiri\u015f Maliyeti\" srcset=\"https:\/\/kolon-guclendirme.com\/karabuk\/wp-content\/uploads\/sites\/64\/2023\/09\/Kabuk-Kolon-yeniden-insasi-cozumleri-56788.webp 853w, https:\/\/kolon-guclendirme.com\/karabuk\/wp-content\/uploads\/sites\/64\/2023\/09\/Kabuk-Kolon-yeniden-insasi-cozumleri-56788-768x1080.webp 768w\" sizes=\"(max-width: 853px) 100vw, 853px\" \/><\/a>\n\t\t\t<\/div><\/figure>\n\t\t<\/div>\n\n","protected":false},"excerpt":{"rendered":"<p>Karab\u00fck Carbon lif teras kaplama ustas\u0131 Karab\u00fck il\u00e7esinin huzurlu beldesi Eflani, do\u011fal g\u00fczellikleriyle g\u00f6z kama\u015ft\u0131ran bir yerdir. Eflani\u2019de yap\u0131lar\u0131n d\u0131\u015f cephe kaplamas\u0131nda tercih edilen carbon elyaf, son derece dayan\u0131kl\u0131 bir &#8230;<\/p>\n","protected":false},"author":1,"featured_media":1669,"comment_status":"open","ping_status":"open","sticky":false,"template":"","format":"standard","meta":{"footnotes":""},"categories":[1],"tags":[31,21,3,23],"_links":{"self":[{"href":"https:\/\/kolon-guclendirme.com\/karabuk\/wp-json\/wp\/v2\/posts\/266"}],"collection":[{"href":"https:\/\/kolon-guclendirme.com\/karabuk\/wp-json\/wp\/v2\/posts"}],"about":[{"href":"https:\/\/kolon-guclendirme.com\/karabuk\/wp-json\/wp\/v2\/types\/post"}],"author":[{"embeddable":true,"href":"https:\/\/kolon-guclendirme.com\/karabuk\/wp-json\/wp\/v2\/users\/1"}],"replies":[{"embeddable":true,"href":"https:\/\/kolon-guclendirme.com\/karabuk\/wp-json\/wp\/v2\/comments?post=266"}],"version-history":[{"count":1,"href":"https:\/\/kolon-guclendirme.com\/karabuk\/wp-json\/wp\/v2\/posts\/266\/revisions"}],"predecessor-version":[{"id":1703,"href":"https:\/\/kolon-guclendirme.com\/karabuk\/wp-json\/wp\/v2\/posts\/266\/revisions\/1703"}],"wp:featuredmedia":[{"embeddable":true,"href":"https:\/\/kolon-guclendirme.com\/karabuk\/wp-json\/wp\/v2\/media\/1669"}],"wp:attachment":[{"href":"https:\/\/kolon-guclendirme.com\/karabuk\/wp-json\/wp\/v2\/media?parent=266"}],"wp:term":[{"taxonomy":"category","embeddable":true,"href":"https:\/\/kolon-guclendirme.com\/karabuk\/wp-json\/wp\/v2\/categories?post=266"},{"taxonomy":"post_tag","embeddable":true,"href":"https:\/\/kolon-guclendirme.com\/karabuk\/wp-json\/wp\/v2\/tags?post=266"}],"curies":[{"name":"wp","href":"https:\/\/api.w.org\/{rel}","templated":true}]}}