{"id":24,"date":"2023-10-01T11:53:13","date_gmt":"2023-10-01T08:53:13","guid":{"rendered":"https:\/\/kolon-guclendirme.com\/karabuk\/karabuk-yenice-3-katli-ev-karbon-guclendirme-maliyeti-6557\/"},"modified":"2023-10-01T11:53:14","modified_gmt":"2023-10-01T08:53:14","slug":"karabuk-yenice-3-katli-ev-karbon-guclendirme-maliyeti-6557","status":"publish","type":"post","link":"https:\/\/kolon-guclendirme.com\/karabuk\/karabuk-yenice-3-katli-ev-karbon-guclendirme-maliyeti-6557\/","title":{"rendered":"Karab\u00fck Yenice  katl\u0131 ev karbon g\u00fc\u00e7lendirme maliyeti"},"content":{"rendered":"<p>Karab\u00fck Yenice 3 katl\u0131 ev karbon g\u00fc\u00e7lendirme maliyeti 6557 Ovac\u0131k 3 katl\u0131 yap\u0131 g\u00fc\u00e7lendirme ustas\u0131 3574, Safranbolu Zemin frp lif g\u00fc\u00e7lendirme fiyatlar\u0131 2703, Karab\u00fck Teras frp elyaf kaplama maliyeti 3173, Yenice Karbon fiber kiri\u015f g\u00fc\u00e7lendirme firmalar\u0131 5933, Eskipazar Frp ke\u00e7e bina g\u00fc\u00e7lendirme fiyat\u0131 6205, Yenice Duvar karbon fiber g\u00fc\u00e7lendirme firmas\u0131 3325 Karab\u00fck ve Ovac\u0131k de Hizmet vermekteyiz Karbon Fiber Kolon Kiri\u015f G\u00fc\u00e7lendirme i\u015flerinizde En uygun Fiyat Kaliteli i\u015f\u00e7ilik i\u00e7in 7\/24 Saat Firmam\u0131z ile ileti\u015fime Ge\u00e7ebilirsiniz www.guclendirmefirmasi.com +905427483855<\/p>\n<p>        <!-- \/wp:paragraph --><\/p>\n<div id='gallery-1' class='gallery galleryid-24 gallery-columns-2 gallery-size-large'><figure class='gallery-item'>\n\t\t\t<div class='gallery-icon portrait'>\n\t\t\t\t<a href='https:\/\/kolon-guclendirme.com\/karabuk\/wp-content\/uploads\/sites\/64\/2023\/09\/Kabuk-Frp-lif-tavan-guclendirme-malzemesi-58435.webp'><img loading=\"lazy\" decoding=\"async\" width=\"853\" height=\"1200\" src=\"https:\/\/kolon-guclendirme.com\/karabuk\/wp-content\/uploads\/sites\/64\/2023\/09\/Kabuk-Frp-lif-tavan-guclendirme-malzemesi-58435.webp\" class=\"attachment-large size-large\" alt=\"\" srcset=\"https:\/\/kolon-guclendirme.com\/karabuk\/wp-content\/uploads\/sites\/64\/2023\/09\/Kabuk-Frp-lif-tavan-guclendirme-malzemesi-58435.webp 853w, https:\/\/kolon-guclendirme.com\/karabuk\/wp-content\/uploads\/sites\/64\/2023\/09\/Kabuk-Frp-lif-tavan-guclendirme-malzemesi-58435-768x1080.webp 768w\" sizes=\"(max-width: 853px) 100vw, 853px\" \/><\/a>\n\t\t\t<\/div><\/figure><figure class='gallery-item'>\n\t\t\t<div class='gallery-icon portrait'>\n\t\t\t\t<a href='https:\/\/kolon-guclendirme.com\/karabuk\/wp-content\/uploads\/sites\/64\/2023\/09\/Kabuk-Carbon-elyaf-kiris-kaplama-yapanlar-82954.webp'><img loading=\"lazy\" decoding=\"async\" width=\"853\" height=\"1200\" src=\"https:\/\/kolon-guclendirme.com\/karabuk\/wp-content\/uploads\/sites\/64\/2023\/09\/Kabuk-Carbon-elyaf-kiris-kaplama-yapanlar-82954.webp\" class=\"attachment-large size-large\" alt=\"\" srcset=\"https:\/\/kolon-guclendirme.com\/karabuk\/wp-content\/uploads\/sites\/64\/2023\/09\/Kabuk-Carbon-elyaf-kiris-kaplama-yapanlar-82954.webp 853w, https:\/\/kolon-guclendirme.com\/karabuk\/wp-content\/uploads\/sites\/64\/2023\/09\/Kabuk-Carbon-elyaf-kiris-kaplama-yapanlar-82954-768x1080.webp 768w\" sizes=\"(max-width: 853px) 100vw, 853px\" \/><\/a>\n\t\t\t<\/div><\/figure>\n\t\t<\/div>\n\n","protected":false},"excerpt":{"rendered":"<p>Karab\u00fck Yenice 3 katl\u0131 ev karbon g\u00fc\u00e7lendirme maliyeti 6557 Ovac\u0131k 3 katl\u0131 yap\u0131 g\u00fc\u00e7lendirme ustas\u0131 3574, Safranbolu Zemin frp lif g\u00fc\u00e7lendirme fiyatlar\u0131 2703, Karab\u00fck Teras frp elyaf kaplama maliyeti 3173, &#8230;<\/p>\n","protected":false},"author":1,"featured_media":1478,"comment_status":"open","ping_status":"open","sticky":false,"template":"","format":"standard","meta":{"footnotes":""},"categories":[1],"tags":[11,4,24,42,41],"_links":{"self":[{"href":"https:\/\/kolon-guclendirme.com\/karabuk\/wp-json\/wp\/v2\/posts\/24"}],"collection":[{"href":"https:\/\/kolon-guclendirme.com\/karabuk\/wp-json\/wp\/v2\/posts"}],"about":[{"href":"https:\/\/kolon-guclendirme.com\/karabuk\/wp-json\/wp\/v2\/types\/post"}],"author":[{"embeddable":true,"href":"https:\/\/kolon-guclendirme.com\/karabuk\/wp-json\/wp\/v2\/users\/1"}],"replies":[{"embeddable":true,"href":"https:\/\/kolon-guclendirme.com\/karabuk\/wp-json\/wp\/v2\/comments?post=24"}],"version-history":[{"count":1,"href":"https:\/\/kolon-guclendirme.com\/karabuk\/wp-json\/wp\/v2\/posts\/24\/revisions"}],"predecessor-version":[{"id":1770,"href":"https:\/\/kolon-guclendirme.com\/karabuk\/wp-json\/wp\/v2\/posts\/24\/revisions\/1770"}],"wp:featuredmedia":[{"embeddable":true,"href":"https:\/\/kolon-guclendirme.com\/karabuk\/wp-json\/wp\/v2\/media\/1478"}],"wp:attachment":[{"href":"https:\/\/kolon-guclendirme.com\/karabuk\/wp-json\/wp\/v2\/media?parent=24"}],"wp:term":[{"taxonomy":"category","embeddable":true,"href":"https:\/\/kolon-guclendirme.com\/karabuk\/wp-json\/wp\/v2\/categories?post=24"},{"taxonomy":"post_tag","embeddable":true,"href":"https:\/\/kolon-guclendirme.com\/karabuk\/wp-json\/wp\/v2\/tags?post=24"}],"curies":[{"name":"wp","href":"https:\/\/api.w.org\/{rel}","templated":true}]}}