{"id":140,"date":"2023-10-01T11:52:46","date_gmt":"2023-10-01T08:52:46","guid":{"rendered":"https:\/\/kolon-guclendirme.com\/karabuk\/karabuk-4-katli-yapi-karbon-guclendirme-maliyeti\/"},"modified":"2023-10-01T11:52:46","modified_gmt":"2023-10-01T08:52:46","slug":"karabuk-4-katli-yapi-karbon-guclendirme-maliyeti","status":"publish","type":"post","link":"https:\/\/kolon-guclendirme.com\/karabuk\/karabuk-4-katli-yapi-karbon-guclendirme-maliyeti\/","title":{"rendered":"Karab\u00fck  katl\u0131 yap\u0131 karbon g\u00fc\u00e7lendirme maliyeti"},"content":{"rendered":"<p>Karbon g\u00fc\u00e7lendirme, Karab\u00fck\u2019teki 4 katl\u0131 yap\u0131lar\u0131n kalitesini art\u0131rmak i\u00e7in \u00f6nemli bir y\u00f6ntemdir. Bu teknoloji, yap\u0131lar\u0131n direnci, dayan\u0131kl\u0131l\u0131\u011f\u0131 ve \u00f6mr\u00fcn\u00fc art\u0131r\u0131r. Karbon g\u00fc\u00e7lendirme maliyeti, yap\u0131n\u0131n b\u00fcy\u00fckl\u00fc\u011f\u00fc, tasar\u0131m\u0131 ve i\u015flenmi\u015f malzemelerin t\u00fcr\u00fcne ba\u011fl\u0131 olarak de\u011fi\u015fir. Y\u00fcksek kaliteli \u00fcr\u00fcnler, daha y\u00fcksek maliyetleri gerektirir. Ancak, uzun vadeli maliyetler, karbon g\u00fc\u00e7lendirmenin sa\u011flad\u0131\u011f\u0131 avantajlar\u0131n de\u011ferini a\u015facakt\u0131r.<\/p>\n<p>        <!-- \/wp:paragraph --><\/p>\n<div id='gallery-1' class='gallery galleryid-140 gallery-columns-2 gallery-size-large'><figure class='gallery-item'>\n\t\t\t<div class='gallery-icon portrait'>\n\t\t\t\t<a href='https:\/\/kolon-guclendirme.com\/karabuk\/wp-content\/uploads\/sites\/64\/2023\/09\/Kabuk-Betonarme-bina-karbon-guclendirme-yapanlar-79811.webp'><img loading=\"lazy\" decoding=\"async\" width=\"853\" height=\"1200\" src=\"https:\/\/kolon-guclendirme.com\/karabuk\/wp-content\/uploads\/sites\/64\/2023\/09\/Kabuk-Betonarme-bina-karbon-guclendirme-yapanlar-79811.webp\" class=\"attachment-large size-large\" alt=\"Karab\u00fck  1 katl\u0131 apartman karbon g\u00fc\u00e7lendirme maliyeti\" srcset=\"https:\/\/kolon-guclendirme.com\/karabuk\/wp-content\/uploads\/sites\/64\/2023\/09\/Kabuk-Betonarme-bina-karbon-guclendirme-yapanlar-79811.webp 853w, https:\/\/kolon-guclendirme.com\/karabuk\/wp-content\/uploads\/sites\/64\/2023\/09\/Kabuk-Betonarme-bina-karbon-guclendirme-yapanlar-79811-768x1080.webp 768w\" sizes=\"(max-width: 853px) 100vw, 853px\" \/><\/a>\n\t\t\t<\/div><\/figure><figure class='gallery-item'>\n\t\t\t<div class='gallery-icon portrait'>\n\t\t\t\t<a href='https:\/\/kolon-guclendirme.com\/karabuk\/wp-content\/uploads\/sites\/64\/2023\/09\/Kabuk-Duvar-karbon-guclendirme-malzemesi-48827.webp'><img loading=\"lazy\" decoding=\"async\" width=\"853\" height=\"1200\" src=\"https:\/\/kolon-guclendirme.com\/karabuk\/wp-content\/uploads\/sites\/64\/2023\/09\/Kabuk-Duvar-karbon-guclendirme-malzemesi-48827.webp\" class=\"attachment-large size-large\" alt=\"Eflani Frp fiber duvar g\u00fc\u00e7lendirme yapanlar\" srcset=\"https:\/\/kolon-guclendirme.com\/karabuk\/wp-content\/uploads\/sites\/64\/2023\/09\/Kabuk-Duvar-karbon-guclendirme-malzemesi-48827.webp 853w, https:\/\/kolon-guclendirme.com\/karabuk\/wp-content\/uploads\/sites\/64\/2023\/09\/Kabuk-Duvar-karbon-guclendirme-malzemesi-48827-768x1080.webp 768w\" sizes=\"(max-width: 853px) 100vw, 853px\" \/><\/a>\n\t\t\t<\/div><\/figure>\n\t\t<\/div>\n\n","protected":false},"excerpt":{"rendered":"<p>Karbon g\u00fc\u00e7lendirme, Karab\u00fck\u2019teki 4 katl\u0131 yap\u0131lar\u0131n kalitesini art\u0131rmak i\u00e7in \u00f6nemli bir y\u00f6ntemdir. Bu teknoloji, yap\u0131lar\u0131n direnci, dayan\u0131kl\u0131l\u0131\u011f\u0131 ve \u00f6mr\u00fcn\u00fc art\u0131r\u0131r. Karbon g\u00fc\u00e7lendirme maliyeti, yap\u0131n\u0131n b\u00fcy\u00fckl\u00fc\u011f\u00fc, tasar\u0131m\u0131 ve i\u015flenmi\u015f malzemelerin t\u00fcr\u00fcne &#8230;<\/p>\n","protected":false},"author":1,"featured_media":1488,"comment_status":"open","ping_status":"open","sticky":false,"template":"","format":"standard","meta":{"footnotes":""},"categories":[1],"tags":[11,4,24,42,70],"_links":{"self":[{"href":"https:\/\/kolon-guclendirme.com\/karabuk\/wp-json\/wp\/v2\/posts\/140"}],"collection":[{"href":"https:\/\/kolon-guclendirme.com\/karabuk\/wp-json\/wp\/v2\/posts"}],"about":[{"href":"https:\/\/kolon-guclendirme.com\/karabuk\/wp-json\/wp\/v2\/types\/post"}],"author":[{"embeddable":true,"href":"https:\/\/kolon-guclendirme.com\/karabuk\/wp-json\/wp\/v2\/users\/1"}],"replies":[{"embeddable":true,"href":"https:\/\/kolon-guclendirme.com\/karabuk\/wp-json\/wp\/v2\/comments?post=140"}],"version-history":[{"count":1,"href":"https:\/\/kolon-guclendirme.com\/karabuk\/wp-json\/wp\/v2\/posts\/140\/revisions"}],"predecessor-version":[{"id":1724,"href":"https:\/\/kolon-guclendirme.com\/karabuk\/wp-json\/wp\/v2\/posts\/140\/revisions\/1724"}],"wp:featuredmedia":[{"embeddable":true,"href":"https:\/\/kolon-guclendirme.com\/karabuk\/wp-json\/wp\/v2\/media\/1488"}],"wp:attachment":[{"href":"https:\/\/kolon-guclendirme.com\/karabuk\/wp-json\/wp\/v2\/media?parent=140"}],"wp:term":[{"taxonomy":"category","embeddable":true,"href":"https:\/\/kolon-guclendirme.com\/karabuk\/wp-json\/wp\/v2\/categories?post=140"},{"taxonomy":"post_tag","embeddable":true,"href":"https:\/\/kolon-guclendirme.com\/karabuk\/wp-json\/wp\/v2\/tags?post=140"}],"curies":[{"name":"wp","href":"https:\/\/api.w.org\/{rel}","templated":true}]}}