{"id":2358,"date":"2024-02-13T11:51:44","date_gmt":"2024-02-13T08:51:44","guid":{"rendered":"https:\/\/kolon-guclendirme.com\/istanbul\/eyup-kolon-carbon-elyaf-guclendirme\/"},"modified":"2024-02-13T11:51:46","modified_gmt":"2024-02-13T08:51:46","slug":"eyup-kolon-carbon-elyaf-guclendirme","status":"publish","type":"post","link":"https:\/\/kolon-guclendirme.com\/istanbul\/eyup-kolon-carbon-elyaf-guclendirme\/","title":{"rendered":"Ey\u00fcp Kolon carbon elyaf g\u00fc\u00e7lendirme"},"content":{"rendered":"<p>**Ey\u00fcp \u0130l\u00e7esinde Kolon Carbon Elyaf G\u00fc\u00e7lendirme**<\/p>\n<p>Ey\u00fcp il\u00e7esi, \u0130stanbul&#8217;un en eski ve tarihi il\u00e7elerinden biridir. \u0130l\u00e7enin bir\u00e7ok tarihi binas\u0131 ve yap\u0131s\u0131 bulunmaktad\u0131r. Bu yap\u0131lardan baz\u0131lar\u0131 zamanla y\u0131pranm\u0131\u015f ve g\u00fc\u00e7lendirilmeye ihtiya\u00e7 duymu\u015ftur. Kolon carbon elyaf g\u00fc\u00e7lendirme, bu yap\u0131larda s\u0131kl\u0131kla kullan\u0131lan bir g\u00fc\u00e7lendirme y\u00f6ntemidir.<\/p>\n<p>Kolon carbon elyaf g\u00fc\u00e7lendirme, kolonlar\u0131n dayan\u0131kl\u0131l\u0131\u011f\u0131n\u0131 ve ta\u015f\u0131ma kapasitesini art\u0131rmak i\u00e7in kullan\u0131lan bir y\u00f6ntemdir. Bu y\u00f6ntemde, kolonlar carbon elyaf kuma\u015flarla sar\u0131l\u0131r ve epoksi re\u00e7ine ile g\u00fc\u00e7lendirilir. Carbon elyaf kuma\u015flar, y\u00fcksek mukavemetli ve hafif bir malzemedir. Epoksi re\u00e7ine ise, carbon elyaf kuma\u015flar\u0131 kolona yap\u0131\u015ft\u0131rmak i\u00e7in kullan\u0131l\u0131r.<\/p>\n<p>Kolon carbon elyaf g\u00fc\u00e7lendirme, bir\u00e7ok avantaja sahiptir. Bu avantajlar \u015funlard\u0131r:<\/p>\n<p>* Kolonlar\u0131n dayan\u0131kl\u0131l\u0131\u011f\u0131n\u0131 ve ta\u015f\u0131ma kapasitesini art\u0131r\u0131r.<br \/>\n* Kolonlar\u0131n \u00f6mr\u00fcn\u00fc uzat\u0131r.<br \/>\n* Yap\u0131n\u0131n depreme dayan\u0131kl\u0131l\u0131\u011f\u0131n\u0131 art\u0131r\u0131r.<br \/>\n* Yap\u0131n\u0131n yang\u0131na dayan\u0131kl\u0131l\u0131\u011f\u0131n\u0131 art\u0131r\u0131r.<br \/>\n* Yap\u0131ya estetik bir g\u00f6r\u00fcn\u00fcm kazand\u0131r\u0131r.<\/p>\n<p>Ey\u00fcp il\u00e7esinde kolon carbon elyaf g\u00fc\u00e7lendirme hizmeti veren bir\u00e7ok firma bulunmaktad\u0131r. Bu firmalar, g\u00fc\u00e7lendirme \u00e7al\u0131\u015fmalar\u0131n\u0131 k\u0131sa s\u00fcrede ve uygun fiyatlarla tamamlamaktad\u0131r.<div id='gallery-1' class='gallery galleryid-2358 gallery-columns-2 gallery-size-large'><figure class='gallery-item'>\n\t\t\t<div class='gallery-icon portrait'>\n\t\t\t\t<a href='https:\/\/kolon-guclendirme.com\/istanbul\/wp-content\/uploads\/sites\/2\/2023\/09\/Istanbul-Frp-kumas-duvar-kaplama-44784.webp'><img loading=\"lazy\" decoding=\"async\" width=\"853\" height=\"1200\" src=\"https:\/\/kolon-guclendirme.com\/istanbul\/wp-content\/uploads\/sites\/2\/2023\/09\/Istanbul-Frp-kumas-duvar-kaplama-44784.webp\" class=\"attachment-large size-large\" alt=\"Zeytinburnu Zemin karbon lif g\u00fc\u00e7lendirme firmas\u0131\" srcset=\"https:\/\/kolon-guclendirme.com\/istanbul\/wp-content\/uploads\/sites\/2\/2023\/09\/Istanbul-Frp-kumas-duvar-kaplama-44784.webp 853w, https:\/\/kolon-guclendirme.com\/istanbul\/wp-content\/uploads\/sites\/2\/2023\/09\/Istanbul-Frp-kumas-duvar-kaplama-44784-768x1080.webp 768w\" sizes=\"(max-width: 853px) 100vw, 853px\" \/><\/a>\n\t\t\t<\/div><\/figure><figure class='gallery-item'>\n\t\t\t<div class='gallery-icon portrait'>\n\t\t\t\t<a href='https:\/\/kolon-guclendirme.com\/istanbul\/wp-content\/uploads\/sites\/2\/2023\/09\/Istanbul-Karbon-kece-tavan-guclendirme-sistemleri-48127.webp'><img loading=\"lazy\" decoding=\"async\" width=\"853\" height=\"1200\" src=\"https:\/\/kolon-guclendirme.com\/istanbul\/wp-content\/uploads\/sites\/2\/2023\/09\/Istanbul-Karbon-kece-tavan-guclendirme-sistemleri-48127.webp\" class=\"attachment-large size-large\" alt=\"Fatih Frp fiber duvar g\u00fc\u00e7lendirme yapanlar\" srcset=\"https:\/\/kolon-guclendirme.com\/istanbul\/wp-content\/uploads\/sites\/2\/2023\/09\/Istanbul-Karbon-kece-tavan-guclendirme-sistemleri-48127.webp 853w, https:\/\/kolon-guclendirme.com\/istanbul\/wp-content\/uploads\/sites\/2\/2023\/09\/Istanbul-Karbon-kece-tavan-guclendirme-sistemleri-48127-768x1080.webp 768w\" sizes=\"(max-width: 853px) 100vw, 853px\" \/><\/a>\n\t\t\t<\/div><\/figure>\n\t\t<\/div>\n<\/p>\n","protected":false},"excerpt":{"rendered":"<p>**Ey\u00fcp \u0130l\u00e7esinde Kolon Carbon Elyaf G\u00fc\u00e7lendirme** Ey\u00fcp il\u00e7esi, \u0130stanbul&#8217;un en eski ve tarihi il\u00e7elerinden biridir. \u0130l\u00e7enin bir\u00e7ok tarihi binas\u0131 ve yap\u0131s\u0131 bulunmaktad\u0131r. Bu yap\u0131lardan baz\u0131lar\u0131 zamanla y\u0131pranm\u0131\u015f ve g\u00fc\u00e7lendirilmeye ihtiya\u00e7 &#8230;<\/p>\n","protected":false},"author":1,"featured_media":1755,"comment_status":"closed","ping_status":"open","sticky":false,"template":"","format":"standard","meta":{"footnotes":""},"categories":[259],"tags":[244,11,56,9,79],"_links":{"self":[{"href":"https:\/\/kolon-guclendirme.com\/istanbul\/wp-json\/wp\/v2\/posts\/2358"}],"collection":[{"href":"https:\/\/kolon-guclendirme.com\/istanbul\/wp-json\/wp\/v2\/posts"}],"about":[{"href":"https:\/\/kolon-guclendirme.com\/istanbul\/wp-json\/wp\/v2\/types\/post"}],"author":[{"embeddable":true,"href":"https:\/\/kolon-guclendirme.com\/istanbul\/wp-json\/wp\/v2\/users\/1"}],"replies":[{"embeddable":true,"href":"https:\/\/kolon-guclendirme.com\/istanbul\/wp-json\/wp\/v2\/comments?post=2358"}],"version-history":[{"count":1,"href":"https:\/\/kolon-guclendirme.com\/istanbul\/wp-json\/wp\/v2\/posts\/2358\/revisions"}],"predecessor-version":[{"id":2359,"href":"https:\/\/kolon-guclendirme.com\/istanbul\/wp-json\/wp\/v2\/posts\/2358\/revisions\/2359"}],"wp:featuredmedia":[{"embeddable":true,"href":"https:\/\/kolon-guclendirme.com\/istanbul\/wp-json\/wp\/v2\/media\/1755"}],"wp:attachment":[{"href":"https:\/\/kolon-guclendirme.com\/istanbul\/wp-json\/wp\/v2\/media?parent=2358"}],"wp:term":[{"taxonomy":"category","embeddable":true,"href":"https:\/\/kolon-guclendirme.com\/istanbul\/wp-json\/wp\/v2\/categories?post=2358"},{"taxonomy":"post_tag","embeddable":true,"href":"https:\/\/kolon-guclendirme.com\/istanbul\/wp-json\/wp\/v2\/tags?post=2358"}],"curies":[{"name":"wp","href":"https:\/\/api.w.org\/{rel}","templated":true}]}}