{"id":2223,"date":"2023-10-01T19:02:05","date_gmt":"2023-10-01T16:02:05","guid":{"rendered":"https:\/\/kolon-guclendirme.com\/istanbul\/catalca-teras-karbon-fiber-guclendirme-ustasi\/"},"modified":"2023-10-01T19:02:05","modified_gmt":"2023-10-01T16:02:05","slug":"catalca-teras-karbon-fiber-guclendirme-ustasi","status":"publish","type":"post","link":"https:\/\/kolon-guclendirme.com\/istanbul\/catalca-teras-karbon-fiber-guclendirme-ustasi\/","title":{"rendered":"\u00c7atalca Teras karbon fiber g\u00fc\u00e7lendirme ustas\u0131"},"content":{"rendered":"<h1>istanbul \u00c7atalca Teras karbon fiber g\u00fc\u00e7lendirme ustas\u0131<\/h1>\n<p>\u00c7atalca&#8217;da teras karbon fiber g\u00fc\u00e7lendirme ustas\u0131 aray\u0131\u015f\u0131ndaysan\u0131z, bu blog size rehberlik edecek!<div id='gallery-1' class='gallery galleryid-2223 gallery-columns-2 gallery-size-large'><figure class='gallery-item'>\n\t\t\t<div class='gallery-icon portrait'>\n\t\t\t\t<a href='https:\/\/kolon-guclendirme.com\/istanbul\/wp-content\/uploads\/sites\/2\/2023\/09\/Istanbul-Duvar-frp-lif-kaplama-fiyati-42717.webp'><img loading=\"lazy\" decoding=\"async\" width=\"853\" height=\"1200\" src=\"https:\/\/kolon-guclendirme.com\/istanbul\/wp-content\/uploads\/sites\/2\/2023\/09\/Istanbul-Duvar-frp-lif-kaplama-fiyati-42717.webp\" class=\"attachment-large size-large\" alt=\"istanbul Kolon frp lif kaplama fiyat\u0131\" srcset=\"https:\/\/kolon-guclendirme.com\/istanbul\/wp-content\/uploads\/sites\/2\/2023\/09\/Istanbul-Duvar-frp-lif-kaplama-fiyati-42717.webp 853w, https:\/\/kolon-guclendirme.com\/istanbul\/wp-content\/uploads\/sites\/2\/2023\/09\/Istanbul-Duvar-frp-lif-kaplama-fiyati-42717-768x1080.webp 768w\" sizes=\"(max-width: 853px) 100vw, 853px\" \/><\/a>\n\t\t\t<\/div><\/figure><figure class='gallery-item'>\n\t\t\t<div class='gallery-icon portrait'>\n\t\t\t\t<a href='https:\/\/kolon-guclendirme.com\/istanbul\/wp-content\/uploads\/sites\/2\/2023\/09\/Istanbul-Kolon-hasar-onarimi-77008.webp'><img loading=\"lazy\" decoding=\"async\" width=\"853\" height=\"1200\" src=\"https:\/\/kolon-guclendirme.com\/istanbul\/wp-content\/uploads\/sites\/2\/2023\/09\/Istanbul-Kolon-hasar-onarimi-77008.webp\" class=\"attachment-large size-large\" alt=\"\u00c7atalca Teras karbon fiber g\u00fc\u00e7lendirme ustas\u0131\" srcset=\"https:\/\/kolon-guclendirme.com\/istanbul\/wp-content\/uploads\/sites\/2\/2023\/09\/Istanbul-Kolon-hasar-onarimi-77008.webp 853w, https:\/\/kolon-guclendirme.com\/istanbul\/wp-content\/uploads\/sites\/2\/2023\/09\/Istanbul-Kolon-hasar-onarimi-77008-768x1080.webp 768w\" sizes=\"(max-width: 853px) 100vw, 853px\" \/><\/a>\n\t\t\t<\/div><\/figure>\n\t\t<\/div>\n<\/p>\n","protected":false},"excerpt":{"rendered":"<p>istanbul \u00c7atalca Teras karbon fiber g\u00fc\u00e7lendirme ustas\u0131 \u00c7atalca&#8217;da teras karbon fiber g\u00fc\u00e7lendirme ustas\u0131 aray\u0131\u015f\u0131ndaysan\u0131z, bu blog size rehberlik edecek!<\/p>\n","protected":false},"author":0,"featured_media":1696,"comment_status":"","ping_status":"open","sticky":false,"template":"","format":"standard","meta":{"footnotes":""},"categories":[35],"tags":[36,7,9,25,89],"_links":{"self":[{"href":"https:\/\/kolon-guclendirme.com\/istanbul\/wp-json\/wp\/v2\/posts\/2223"}],"collection":[{"href":"https:\/\/kolon-guclendirme.com\/istanbul\/wp-json\/wp\/v2\/posts"}],"about":[{"href":"https:\/\/kolon-guclendirme.com\/istanbul\/wp-json\/wp\/v2\/types\/post"}],"replies":[{"embeddable":true,"href":"https:\/\/kolon-guclendirme.com\/istanbul\/wp-json\/wp\/v2\/comments?post=2223"}],"version-history":[{"count":0,"href":"https:\/\/kolon-guclendirme.com\/istanbul\/wp-json\/wp\/v2\/posts\/2223\/revisions"}],"wp:featuredmedia":[{"embeddable":true,"href":"https:\/\/kolon-guclendirme.com\/istanbul\/wp-json\/wp\/v2\/media\/1696"}],"wp:attachment":[{"href":"https:\/\/kolon-guclendirme.com\/istanbul\/wp-json\/wp\/v2\/media?parent=2223"}],"wp:term":[{"taxonomy":"category","embeddable":true,"href":"https:\/\/kolon-guclendirme.com\/istanbul\/wp-json\/wp\/v2\/categories?post=2223"},{"taxonomy":"post_tag","embeddable":true,"href":"https:\/\/kolon-guclendirme.com\/istanbul\/wp-json\/wp\/v2\/tags?post=2223"}],"curies":[{"name":"wp","href":"https:\/\/api.w.org\/{rel}","templated":true}]}}