{"id":194,"date":"2023-10-01T10:58:29","date_gmt":"2023-10-01T07:58:29","guid":{"rendered":"https:\/\/kolon-guclendirme.com\/istanbul\/istanbul-duvar-frp-elyaf-guclendirme-maliyeti\/"},"modified":"2023-10-01T10:58:29","modified_gmt":"2023-10-01T07:58:29","slug":"istanbul-duvar-frp-elyaf-guclendirme-maliyeti","status":"publish","type":"post","link":"https:\/\/kolon-guclendirme.com\/istanbul\/istanbul-duvar-frp-elyaf-guclendirme-maliyeti\/","title":{"rendered":"istanbul Duvar frp elyaf g\u00fc\u00e7lendirme maliyeti"},"content":{"rendered":"<p>istanbul Duvar frp elyaf g\u00fc\u00e7lendirme maliyeti istanbul Duvar frp elyaf g\u00fc\u00e7lendirme maliyeti Duvarlar\u0131n\u0131z\u0131 g\u00fc\u00e7lendirmek ve \u00f6mr\u00fcn\u00fc uzatmak i\u00e7in frp elyaf g\u00fc\u00e7lendirme maliyeti \u00f6nemlidir. Bu, duvarlar\u0131n\u0131z\u0131n daha dayan\u0131kl\u0131 ve sa\u011flam olmas\u0131n\u0131 sa\u011flayacakt\u0131r. Frp elyaf g\u00fc\u00e7lendirme maliyeti, duvar\u0131n\u0131z\u0131n g\u00fc\u00e7lendirilmesi i\u00e7in gerekli malzemelerin maliyetini kapsar. Elyaf g\u00fc\u00e7lendirme, duvarlar\u0131n\u0131z\u0131n dayan\u0131kl\u0131l\u0131\u011f\u0131n\u0131 ve sa\u011flaml\u0131\u011f\u0131n\u0131 artt\u0131rmak i\u00e7in \u00f6nemlidir. G\u00fc\u00e7lendirme, duvar\u0131n\u0131z\u0131n \u00e7atlaklar\u0131n\u0131 ve \u00e7\u00f6kmesini \u00f6nleyebilir. Ayr\u0131ca, duvarlar\u0131n\u0131z\u0131n daha uzun s\u00fcre kullan\u0131labilmesini sa\u011flayacakt\u0131r. Frp elyaf g\u00fc\u00e7lendirme maliyeti, www.karbonfiberbinaguclendirme.com +905427483855 Instagram Facebook TikTok Twitter Medium LinkedIn www.karbonfiberbinaguclendirme.com +905427483855 Instagram Facebook TikTok Twitter Medium LinkedIn<\/p>\n<p>        <!-- \/wp:paragraph --><\/p>\n<div id='gallery-1' class='gallery galleryid-194 gallery-columns-2 gallery-size-large'><figure class='gallery-item'>\n\t\t\t<div class='gallery-icon portrait'>\n\t\t\t\t<a href='https:\/\/kolon-guclendirme.com\/istanbul\/wp-content\/uploads\/sites\/2\/2023\/09\/Istanbul-Teras-frp-fiber-guclendirme-malzemesi-25047.webp'><img loading=\"lazy\" decoding=\"async\" width=\"853\" height=\"1200\" src=\"https:\/\/kolon-guclendirme.com\/istanbul\/wp-content\/uploads\/sites\/2\/2023\/09\/Istanbul-Teras-frp-fiber-guclendirme-malzemesi-25047.webp\" class=\"attachment-large size-large\" alt=\"\" srcset=\"https:\/\/kolon-guclendirme.com\/istanbul\/wp-content\/uploads\/sites\/2\/2023\/09\/Istanbul-Teras-frp-fiber-guclendirme-malzemesi-25047.webp 853w, https:\/\/kolon-guclendirme.com\/istanbul\/wp-content\/uploads\/sites\/2\/2023\/09\/Istanbul-Teras-frp-fiber-guclendirme-malzemesi-25047-768x1080.webp 768w\" sizes=\"(max-width: 853px) 100vw, 853px\" \/><\/a>\n\t\t\t<\/div><\/figure><figure class='gallery-item'>\n\t\t\t<div class='gallery-icon portrait'>\n\t\t\t\t<a href='https:\/\/kolon-guclendirme.com\/istanbul\/wp-content\/uploads\/sites\/2\/2023\/09\/Istanbul-Kiris-frp-lif-guclendirme-firmalari-45443.webp'><img loading=\"lazy\" decoding=\"async\" width=\"853\" height=\"1200\" src=\"https:\/\/kolon-guclendirme.com\/istanbul\/wp-content\/uploads\/sites\/2\/2023\/09\/Istanbul-Kiris-frp-lif-guclendirme-firmalari-45443.webp\" class=\"attachment-large size-large\" alt=\"Sultangazi karbon fiber \u00fcreten firmalar\" srcset=\"https:\/\/kolon-guclendirme.com\/istanbul\/wp-content\/uploads\/sites\/2\/2023\/09\/Istanbul-Kiris-frp-lif-guclendirme-firmalari-45443.webp 853w, https:\/\/kolon-guclendirme.com\/istanbul\/wp-content\/uploads\/sites\/2\/2023\/09\/Istanbul-Kiris-frp-lif-guclendirme-firmalari-45443-768x1080.webp 768w\" sizes=\"(max-width: 853px) 100vw, 853px\" \/><\/a>\n\t\t\t<\/div><\/figure>\n\t\t<\/div>\n\n","protected":false},"excerpt":{"rendered":"<p>istanbul Duvar frp elyaf g\u00fc\u00e7lendirme maliyeti istanbul Duvar frp elyaf g\u00fc\u00e7lendirme maliyeti Duvarlar\u0131n\u0131z\u0131 g\u00fc\u00e7lendirmek ve \u00f6mr\u00fcn\u00fc uzatmak i\u00e7in frp elyaf g\u00fc\u00e7lendirme maliyeti \u00f6nemlidir. Bu, duvarlar\u0131n\u0131z\u0131n daha dayan\u0131kl\u0131 ve sa\u011flam olmas\u0131n\u0131 &#8230;<\/p>\n","protected":false},"author":1,"featured_media":1603,"comment_status":"open","ping_status":"open","sticky":false,"template":"","format":"standard","meta":{"footnotes":""},"categories":[1],"tags":[29,120,56,9,31],"_links":{"self":[{"href":"https:\/\/kolon-guclendirme.com\/istanbul\/wp-json\/wp\/v2\/posts\/194"}],"collection":[{"href":"https:\/\/kolon-guclendirme.com\/istanbul\/wp-json\/wp\/v2\/posts"}],"about":[{"href":"https:\/\/kolon-guclendirme.com\/istanbul\/wp-json\/wp\/v2\/types\/post"}],"author":[{"embeddable":true,"href":"https:\/\/kolon-guclendirme.com\/istanbul\/wp-json\/wp\/v2\/users\/1"}],"replies":[{"embeddable":true,"href":"https:\/\/kolon-guclendirme.com\/istanbul\/wp-json\/wp\/v2\/comments?post=194"}],"version-history":[{"count":4,"href":"https:\/\/kolon-guclendirme.com\/istanbul\/wp-json\/wp\/v2\/posts\/194\/revisions"}],"predecessor-version":[{"id":2165,"href":"https:\/\/kolon-guclendirme.com\/istanbul\/wp-json\/wp\/v2\/posts\/194\/revisions\/2165"}],"wp:featuredmedia":[{"embeddable":true,"href":"https:\/\/kolon-guclendirme.com\/istanbul\/wp-json\/wp\/v2\/media\/1603"}],"wp:attachment":[{"href":"https:\/\/kolon-guclendirme.com\/istanbul\/wp-json\/wp\/v2\/media?parent=194"}],"wp:term":[{"taxonomy":"category","embeddable":true,"href":"https:\/\/kolon-guclendirme.com\/istanbul\/wp-json\/wp\/v2\/categories?post=194"},{"taxonomy":"post_tag","embeddable":true,"href":"https:\/\/kolon-guclendirme.com\/istanbul\/wp-json\/wp\/v2\/tags?post=194"}],"curies":[{"name":"wp","href":"https:\/\/api.w.org\/{rel}","templated":true}]}}