{"id":134,"date":"2023-10-01T10:58:24","date_gmt":"2023-10-01T07:58:24","guid":{"rendered":"https:\/\/kolon-guclendirme.com\/istanbul\/istanbul-karbon-fiber-m2-fiyati-5614\/"},"modified":"2023-10-01T10:58:25","modified_gmt":"2023-10-01T07:58:25","slug":"istanbul-karbon-fiber-m2-fiyati-5614","status":"publish","type":"post","link":"https:\/\/kolon-guclendirme.com\/istanbul\/istanbul-karbon-fiber-m2-fiyati-5614\/","title":{"rendered":"istanbul karbon fiber m fiyat\u0131"},"content":{"rendered":"<p>istanbul karbon fiber m fiyat\u0131 istanbul karbon fiber m fiyat\u0131 istanbul karbon fiber m2 fiyat\u0131 5614 K\u00fc\u00e7\u00fck\u00e7ekmece Balkon frp lif g\u00fc\u00e7lendirme fiyat\u0131 2982, G\u00fcng\u00f6ren Yap\u0131 frp g\u00fc\u00e7lendirme firmalar\u0131 8665, Ka\u011f\u0131thane Betonarme kolon g\u00fc\u00e7lendirme malzemesi 5499, Esenyurt Zemin karbon lif g\u00fc\u00e7lendirme firmas\u0131 3101, \u015eile Kolon frp elyaf g\u00fc\u00e7lendirme fiyat\u0131 1936, Emin\u00f6n\u00fc Zemin carbon elyaf kaplama 8273 istanbul ve B\u00fcy\u00fck\u00e7ekmece de Hizmet vermekteyiz Karbon Fiber Kolon Kiri\u015f G\u00fc\u00e7lendirme i\u015flerinizde En uygun Fiyat Kaliteli i\u015f\u00e7ilik i\u00e7in 7\/24 Saat Firmam\u0131z ile ileti\u015fime Ge\u00e7ebilirsiniz www.arckarbonguclendirme.com +905427483855 www.arckarbonguclendirme.com +905427483855 Instagram Facebook TikTok Twitter Medium LinkedIn www.kolonkirisguclendirme.com +905427483855 Instagram Facebook TikTok Twitter Medium LinkedIn<\/p>\n<p>        <!-- \/wp:paragraph --><\/p>\n<div id='gallery-1' class='gallery galleryid-134 gallery-columns-2 gallery-size-large'><figure class='gallery-item'>\n\t\t\t<div class='gallery-icon portrait'>\n\t\t\t\t<a href='https:\/\/kolon-guclendirme.com\/istanbul\/wp-content\/uploads\/sites\/2\/2023\/09\/Istanbul-Bina-guclendirme-kac-gun-surer-69737.webp'><img loading=\"lazy\" decoding=\"async\" width=\"853\" height=\"1200\" src=\"https:\/\/kolon-guclendirme.com\/istanbul\/wp-content\/uploads\/sites\/2\/2023\/09\/Istanbul-Bina-guclendirme-kac-gun-surer-69737.webp\" class=\"attachment-large size-large\" alt=\"\" srcset=\"https:\/\/kolon-guclendirme.com\/istanbul\/wp-content\/uploads\/sites\/2\/2023\/09\/Istanbul-Bina-guclendirme-kac-gun-surer-69737.webp 853w, https:\/\/kolon-guclendirme.com\/istanbul\/wp-content\/uploads\/sites\/2\/2023\/09\/Istanbul-Bina-guclendirme-kac-gun-surer-69737-768x1080.webp 768w\" sizes=\"(max-width: 853px) 100vw, 853px\" \/><\/a>\n\t\t\t<\/div><\/figure><figure class='gallery-item'>\n\t\t\t<div class='gallery-icon portrait'>\n\t\t\t\t<a href='https:\/\/kolon-guclendirme.com\/istanbul\/wp-content\/uploads\/sites\/2\/2023\/09\/Istanbul-Karbon-elyaf-zemin-guclendirme-fiyati-85469.webp'><img loading=\"lazy\" decoding=\"async\" width=\"853\" height=\"1200\" src=\"https:\/\/kolon-guclendirme.com\/istanbul\/wp-content\/uploads\/sites\/2\/2023\/09\/Istanbul-Karbon-elyaf-zemin-guclendirme-fiyati-85469.webp\" class=\"attachment-large size-large\" alt=\"\" srcset=\"https:\/\/kolon-guclendirme.com\/istanbul\/wp-content\/uploads\/sites\/2\/2023\/09\/Istanbul-Karbon-elyaf-zemin-guclendirme-fiyati-85469.webp 853w, https:\/\/kolon-guclendirme.com\/istanbul\/wp-content\/uploads\/sites\/2\/2023\/09\/Istanbul-Karbon-elyaf-zemin-guclendirme-fiyati-85469-768x1080.webp 768w\" sizes=\"(max-width: 853px) 100vw, 853px\" \/><\/a>\n\t\t\t<\/div><\/figure>\n\t\t<\/div>\n\n","protected":false},"excerpt":{"rendered":"<p>istanbul karbon fiber m fiyat\u0131 istanbul karbon fiber m fiyat\u0131 istanbul karbon fiber m2 fiyat\u0131 5614 K\u00fc\u00e7\u00fck\u00e7ekmece Balkon frp lif g\u00fc\u00e7lendirme fiyat\u0131 2982, G\u00fcng\u00f6ren Yap\u0131 frp g\u00fc\u00e7lendirme firmalar\u0131 8665, Ka\u011f\u0131thane &#8230;<\/p>\n","protected":false},"author":1,"featured_media":1636,"comment_status":"open","ping_status":"open","sticky":false,"template":"","format":"standard","meta":{"footnotes":""},"categories":[1],"tags":[7,34,9,87,25,22],"_links":{"self":[{"href":"https:\/\/kolon-guclendirme.com\/istanbul\/wp-json\/wp\/v2\/posts\/134"}],"collection":[{"href":"https:\/\/kolon-guclendirme.com\/istanbul\/wp-json\/wp\/v2\/posts"}],"about":[{"href":"https:\/\/kolon-guclendirme.com\/istanbul\/wp-json\/wp\/v2\/types\/post"}],"author":[{"embeddable":true,"href":"https:\/\/kolon-guclendirme.com\/istanbul\/wp-json\/wp\/v2\/users\/1"}],"replies":[{"embeddable":true,"href":"https:\/\/kolon-guclendirme.com\/istanbul\/wp-json\/wp\/v2\/comments?post=134"}],"version-history":[{"count":4,"href":"https:\/\/kolon-guclendirme.com\/istanbul\/wp-json\/wp\/v2\/posts\/134\/revisions"}],"predecessor-version":[{"id":2156,"href":"https:\/\/kolon-guclendirme.com\/istanbul\/wp-json\/wp\/v2\/posts\/134\/revisions\/2156"}],"wp:featuredmedia":[{"embeddable":true,"href":"https:\/\/kolon-guclendirme.com\/istanbul\/wp-json\/wp\/v2\/media\/1636"}],"wp:attachment":[{"href":"https:\/\/kolon-guclendirme.com\/istanbul\/wp-json\/wp\/v2\/media?parent=134"}],"wp:term":[{"taxonomy":"category","embeddable":true,"href":"https:\/\/kolon-guclendirme.com\/istanbul\/wp-json\/wp\/v2\/categories?post=134"},{"taxonomy":"post_tag","embeddable":true,"href":"https:\/\/kolon-guclendirme.com\/istanbul\/wp-json\/wp\/v2\/tags?post=134"}],"curies":[{"name":"wp","href":"https:\/\/api.w.org\/{rel}","templated":true}]}}