{"id":1834,"date":"2024-01-28T13:08:56","date_gmt":"2024-01-28T10:08:56","guid":{"rendered":"https:\/\/kolon-guclendirme.com\/gungoren\/haznedar-bina-karbon-elyaf-kaplama-ustasi\/"},"modified":"2024-01-28T13:08:59","modified_gmt":"2024-01-28T10:08:59","slug":"haznedar-bina-karbon-elyaf-kaplama-ustasi","status":"publish","type":"post","link":"https:\/\/kolon-guclendirme.com\/gungoren\/haznedar-bina-karbon-elyaf-kaplama-ustasi\/","title":{"rendered":"Haznedar Bina karbon elyaf kaplama ustas\u0131"},"content":{"rendered":"<p>**Haznedar&#8217;da Bina Karbon Elyaf Kaplama Ustas\u0131 Se\u00e7imi**<\/p>\n<p>Haznedar, \u0130stanbul&#8217;un G\u00fcng\u00f6ren il\u00e7esinde bulunan bir mahalledir. Mahalle, kentsel d\u00f6n\u00fc\u015f\u00fcm kapsam\u0131nda h\u0131zla de\u011fi\u015fmektedir. Bu nedenle, bina g\u00fc\u00e7lendirme ve yenileme \u00e7al\u0131\u015fmalar\u0131 olduk\u00e7a yayg\u0131nd\u0131r. Bina g\u00fc\u00e7lendirme ve yenileme \u00e7al\u0131\u015fmalar\u0131nda kullan\u0131lan en pop\u00fcler y\u00f6ntemlerden biri de bina  karbon elyaf kaplama uygulamas\u0131d\u0131r.<\/p>\n<p>Bina  karbon elyaf kaplama uygulamas\u0131, binan\u0131n yap\u0131s\u0131na zarar vermeden, binay\u0131 g\u00fc\u00e7lendiren ve depreme kar\u015f\u0131 daha diren\u00e7li hale getiren bir uygulamad\u0131r. Bina  karbon elyaf kaplama uygulamas\u0131 i\u00e7in \u00f6zel olarak e\u011fitilmi\u015f ve sertifikal\u0131 bir usta ile \u00e7al\u0131\u015fmak \u00e7ok \u00f6nemlidir. Aksi takdirde, uygulama s\u0131ras\u0131nda yap\u0131lan yanl\u0131\u015flar binan\u0131n g\u00fcvenli\u011fini tehlikeye atabilir.<\/p>\n<p>Haznedar&#8217;da bina  karbon elyaf kaplama ustas\u0131 se\u00e7erken dikkat edilmesi gerekenler \u015funlard\u0131r:<\/p>\n<p>* Ustan\u0131n sertifikal\u0131 olmas\u0131 ve yeterli deneyime sahip olmas\u0131.<br \/>\n* Ustan\u0131n daha \u00f6nce yapt\u0131\u011f\u0131 projelerin referans olmas\u0131.<br \/>\n* Ustan\u0131n kulland\u0131\u011f\u0131  karbon elyaf\u0131n kalitesi.<br \/>\n* Ustan\u0131n verdi\u011fi fiyat\u0131n piyasa ko\u015fullar\u0131na uygun olmas\u0131.<\/p>\n<p>Haznedar&#8217;da bina  karbon elyaf kaplama ustas\u0131 se\u00e7erken bu kriterleri dikkate alarak daha g\u00fcvenli bir se\u00e7im yapabilir ve binan\u0131z\u0131n depreme kar\u015f\u0131 daha diren\u00e7li hale gelmesini sa\u011flayabilirsiniz.<div id='gallery-1' class='gallery galleryid-1834 gallery-columns-2 gallery-size-large'><figure class='gallery-item'>\n\t\t\t<div class='gallery-icon portrait'>\n\t\t\t\t<a href='https:\/\/kolon-guclendirme.com\/gungoren\/wp-content\/uploads\/sites\/57\/2023\/09\/Gungoren-Tavan-karbon-kumas-guclendirme-64589.webp'><img loading=\"lazy\" decoding=\"async\" width=\"853\" height=\"1200\" src=\"https:\/\/kolon-guclendirme.com\/gungoren\/wp-content\/uploads\/sites\/57\/2023\/09\/Gungoren-Tavan-karbon-kumas-guclendirme-64589.webp\" class=\"attachment-large size-large\" alt=\"\" srcset=\"https:\/\/kolon-guclendirme.com\/gungoren\/wp-content\/uploads\/sites\/57\/2023\/09\/Gungoren-Tavan-karbon-kumas-guclendirme-64589.webp 853w, https:\/\/kolon-guclendirme.com\/gungoren\/wp-content\/uploads\/sites\/57\/2023\/09\/Gungoren-Tavan-karbon-kumas-guclendirme-64589-768x1080.webp 768w\" sizes=\"(max-width: 853px) 100vw, 853px\" \/><\/a>\n\t\t\t<\/div><\/figure><figure class='gallery-item'>\n\t\t\t<div class='gallery-icon portrait'>\n\t\t\t\t<a href='https:\/\/kolon-guclendirme.com\/gungoren\/wp-content\/uploads\/sites\/57\/2023\/09\/Gungoren-Kiris-karbon-elyaf-guclendirme-firmasi-89310.webp'><img loading=\"lazy\" decoding=\"async\" width=\"853\" height=\"1200\" src=\"https:\/\/kolon-guclendirme.com\/gungoren\/wp-content\/uploads\/sites\/57\/2023\/09\/Gungoren-Kiris-karbon-elyaf-guclendirme-firmasi-89310.webp\" class=\"attachment-large size-large\" alt=\"G\u00fcng\u00f6ren Kiris karbon elyaf guclendirme firmasi 89310\" aria-describedby=\"gallery-1-1618\" srcset=\"https:\/\/kolon-guclendirme.com\/gungoren\/wp-content\/uploads\/sites\/57\/2023\/09\/Gungoren-Kiris-karbon-elyaf-guclendirme-firmasi-89310.webp 853w, https:\/\/kolon-guclendirme.com\/gungoren\/wp-content\/uploads\/sites\/57\/2023\/09\/Gungoren-Kiris-karbon-elyaf-guclendirme-firmasi-89310-768x1080.webp 768w\" sizes=\"(max-width: 853px) 100vw, 853px\" \/><\/a>\n\t\t\t<\/div>\n\t\t\t\t<figcaption class='wp-caption-text gallery-caption' id='gallery-1-1618'>\n\t\t\t\tG\u00fcng\u00f6ren Kiris karbon elyaf guclendirme firmasi 89310\n\t\t\t\t<\/figcaption><\/figure>\n\t\t<\/div>\n<\/p>\n","protected":false},"excerpt":{"rendered":"<p>**Haznedar&#8217;da Bina Karbon Elyaf Kaplama Ustas\u0131 Se\u00e7imi** Haznedar, \u0130stanbul&#8217;un G\u00fcng\u00f6ren il\u00e7esinde bulunan bir mahalledir. Mahalle, kentsel d\u00f6n\u00fc\u015f\u00fcm kapsam\u0131nda h\u0131zla de\u011fi\u015fmektedir. Bu nedenle, bina g\u00fc\u00e7lendirme ve yenileme \u00e7al\u0131\u015fmalar\u0131 olduk\u00e7a yayg\u0131nd\u0131r. Bina &#8230;<\/p>\n","protected":false},"author":1,"featured_media":1480,"comment_status":"closed","ping_status":"open","sticky":false,"template":"","format":"standard","meta":{"footnotes":""},"categories":[108],"tags":[14,9,10,11],"_links":{"self":[{"href":"https:\/\/kolon-guclendirme.com\/gungoren\/wp-json\/wp\/v2\/posts\/1834"}],"collection":[{"href":"https:\/\/kolon-guclendirme.com\/gungoren\/wp-json\/wp\/v2\/posts"}],"about":[{"href":"https:\/\/kolon-guclendirme.com\/gungoren\/wp-json\/wp\/v2\/types\/post"}],"author":[{"embeddable":true,"href":"https:\/\/kolon-guclendirme.com\/gungoren\/wp-json\/wp\/v2\/users\/1"}],"replies":[{"embeddable":true,"href":"https:\/\/kolon-guclendirme.com\/gungoren\/wp-json\/wp\/v2\/comments?post=1834"}],"version-history":[{"count":1,"href":"https:\/\/kolon-guclendirme.com\/gungoren\/wp-json\/wp\/v2\/posts\/1834\/revisions"}],"predecessor-version":[{"id":1835,"href":"https:\/\/kolon-guclendirme.com\/gungoren\/wp-json\/wp\/v2\/posts\/1834\/revisions\/1835"}],"wp:featuredmedia":[{"embeddable":true,"href":"https:\/\/kolon-guclendirme.com\/gungoren\/wp-json\/wp\/v2\/media\/1480"}],"wp:attachment":[{"href":"https:\/\/kolon-guclendirme.com\/gungoren\/wp-json\/wp\/v2\/media?parent=1834"}],"wp:term":[{"taxonomy":"category","embeddable":true,"href":"https:\/\/kolon-guclendirme.com\/gungoren\/wp-json\/wp\/v2\/categories?post=1834"},{"taxonomy":"post_tag","embeddable":true,"href":"https:\/\/kolon-guclendirme.com\/gungoren\/wp-json\/wp\/v2\/tags?post=1834"}],"curies":[{"name":"wp","href":"https:\/\/api.w.org\/{rel}","templated":true}]}}