{"id":308,"date":"2023-10-01T11:44:30","date_gmt":"2023-10-01T08:44:30","guid":{"rendered":"https:\/\/kolon-guclendirme.com\/gumushane\/gumushane-yapi-carbon-elyaf-kaplama\/"},"modified":"2023-10-01T11:44:30","modified_gmt":"2023-10-01T08:44:30","slug":"gumushane-yapi-carbon-elyaf-kaplama","status":"publish","type":"post","link":"https:\/\/kolon-guclendirme.com\/gumushane\/gumushane-yapi-carbon-elyaf-kaplama\/","title":{"rendered":"G\u00fcm\u00fc\u015fhane Yap\u0131 carbon elyaf kaplama"},"content":{"rendered":"<p>G\u00fcm\u00fc\u015fhane Yap\u0131 carbon elyaf kaplama \u201c\u015eiran\u2019da Bina G\u00fc\u00e7lendirme Fiyatlar\u0131 2019: De\u011ferlendirme ve Kar\u015f\u0131la\u015ft\u0131rma\u201d ba\u015fl\u0131kl\u0131 blog yaz\u0131m\u0131zda, G\u00fcm\u00fc\u015fhane il\u00e7esi \u015eiran b\u00f6lgesinde 2019 y\u0131l\u0131nda ger\u00e7ekle\u015fen bina g\u00fc\u00e7lendirme fiyatlar\u0131n\u0131 ele alaca\u011f\u0131z. Bu yaz\u0131da, o d\u00f6nemde yap\u0131lan g\u00fc\u00e7lendirme \u00e7al\u0131\u015fmalar\u0131n\u0131n maliyet fakt\u00f6rlerini ve fiyatlar\u0131 kar\u015f\u0131la\u015ft\u0131raca\u011f\u0131z. Bina g\u00fc\u00e7lendirme, yap\u0131lar\u0131n dayan\u0131kl\u0131l\u0131\u011f\u0131n\u0131 art\u0131rarak g\u00fcvenli\u011fini sa\u011flar. Bu yaz\u0131 sayesinde, \u015eiran b\u00f6lgesindeki yap\u0131 sahiplerinin ge\u00e7mi\u015f fiyatlar\u0131 de\u011ferlendirerek, g\u00fcncel projeleri planlamalar\u0131na ve b\u00fct\u00e7elerine uygun g\u00fc\u00e7lendirme \u00e7\u00f6z\u00fcmlerini bulmalar\u0131na yard\u0131mc\u0131 olmay\u0131 ama\u00e7l\u0131yoruz. www.arckarbonguclendirme.com +905427483855 Instagram Facebook TikTok Twitter Medium LinkedIn Link Link Link Link Link Link<\/p>\n<p>        <!-- \/wp:paragraph --><\/p>\n<div id='gallery-1' class='gallery galleryid-308 gallery-columns-2 gallery-size-large'><figure class='gallery-item'>\n\t\t\t<div class='gallery-icon portrait'>\n\t\t\t\t<a href='https:\/\/kolon-guclendirme.com\/gumushane\/wp-content\/uploads\/sites\/56\/2023\/09\/Gumushane-Carbon-elyaf-teras-kaplama-maliyeti-38375.webp'><img loading=\"lazy\" decoding=\"async\" width=\"853\" height=\"1200\" src=\"https:\/\/kolon-guclendirme.com\/gumushane\/wp-content\/uploads\/sites\/56\/2023\/09\/Gumushane-Carbon-elyaf-teras-kaplama-maliyeti-38375.webp\" class=\"attachment-large size-large\" alt=\"Torul Zemin carbon lif kaplama\" srcset=\"https:\/\/kolon-guclendirme.com\/gumushane\/wp-content\/uploads\/sites\/56\/2023\/09\/Gumushane-Carbon-elyaf-teras-kaplama-maliyeti-38375.webp 853w, https:\/\/kolon-guclendirme.com\/gumushane\/wp-content\/uploads\/sites\/56\/2023\/09\/Gumushane-Carbon-elyaf-teras-kaplama-maliyeti-38375-768x1080.webp 768w\" sizes=\"(max-width: 853px) 100vw, 853px\" \/><\/a>\n\t\t\t<\/div><\/figure><figure class='gallery-item'>\n\t\t\t<div class='gallery-icon portrait'>\n\t\t\t\t<a href='https:\/\/kolon-guclendirme.com\/gumushane\/wp-content\/uploads\/sites\/56\/2023\/09\/Gumushane-Carbon-fiber-kiris-guclendirme-malzemesi-24464.webp'><img loading=\"lazy\" decoding=\"async\" width=\"853\" height=\"1200\" src=\"https:\/\/kolon-guclendirme.com\/gumushane\/wp-content\/uploads\/sites\/56\/2023\/09\/Gumushane-Carbon-fiber-kiris-guclendirme-malzemesi-24464.webp\" class=\"attachment-large size-large\" alt=\"\u015eiran 6 katl\u0131 yap\u0131 g\u00fc\u00e7lendirme firmalar\u0131\" srcset=\"https:\/\/kolon-guclendirme.com\/gumushane\/wp-content\/uploads\/sites\/56\/2023\/09\/Gumushane-Carbon-fiber-kiris-guclendirme-malzemesi-24464.webp 853w, https:\/\/kolon-guclendirme.com\/gumushane\/wp-content\/uploads\/sites\/56\/2023\/09\/Gumushane-Carbon-fiber-kiris-guclendirme-malzemesi-24464-768x1080.webp 768w\" sizes=\"(max-width: 853px) 100vw, 853px\" \/><\/a>\n\t\t\t<\/div><\/figure>\n\t\t<\/div>\n\n","protected":false},"excerpt":{"rendered":"<p>G\u00fcm\u00fc\u015fhane Yap\u0131 carbon elyaf kaplama \u201c\u015eiran\u2019da Bina G\u00fc\u00e7lendirme Fiyatlar\u0131 2019: De\u011ferlendirme ve Kar\u015f\u0131la\u015ft\u0131rma\u201d ba\u015fl\u0131kl\u0131 blog yaz\u0131m\u0131zda, G\u00fcm\u00fc\u015fhane il\u00e7esi \u015eiran b\u00f6lgesinde 2019 y\u0131l\u0131nda ger\u00e7ekle\u015fen bina g\u00fc\u00e7lendirme fiyatlar\u0131n\u0131 ele alaca\u011f\u0131z. Bu yaz\u0131da, &#8230;<\/p>\n","protected":false},"author":1,"featured_media":1577,"comment_status":"open","ping_status":"open","sticky":false,"template":"","format":"standard","meta":{"footnotes":""},"categories":[1],"tags":[44,26,12,27,21],"_links":{"self":[{"href":"https:\/\/kolon-guclendirme.com\/gumushane\/wp-json\/wp\/v2\/posts\/308"}],"collection":[{"href":"https:\/\/kolon-guclendirme.com\/gumushane\/wp-json\/wp\/v2\/posts"}],"about":[{"href":"https:\/\/kolon-guclendirme.com\/gumushane\/wp-json\/wp\/v2\/types\/post"}],"author":[{"embeddable":true,"href":"https:\/\/kolon-guclendirme.com\/gumushane\/wp-json\/wp\/v2\/users\/1"}],"replies":[{"embeddable":true,"href":"https:\/\/kolon-guclendirme.com\/gumushane\/wp-json\/wp\/v2\/comments?post=308"}],"version-history":[{"count":1,"href":"https:\/\/kolon-guclendirme.com\/gumushane\/wp-json\/wp\/v2\/posts\/308\/revisions"}],"predecessor-version":[{"id":1696,"href":"https:\/\/kolon-guclendirme.com\/gumushane\/wp-json\/wp\/v2\/posts\/308\/revisions\/1696"}],"wp:featuredmedia":[{"embeddable":true,"href":"https:\/\/kolon-guclendirme.com\/gumushane\/wp-json\/wp\/v2\/media\/1577"}],"wp:attachment":[{"href":"https:\/\/kolon-guclendirme.com\/gumushane\/wp-json\/wp\/v2\/media?parent=308"}],"wp:term":[{"taxonomy":"category","embeddable":true,"href":"https:\/\/kolon-guclendirme.com\/gumushane\/wp-json\/wp\/v2\/categories?post=308"},{"taxonomy":"post_tag","embeddable":true,"href":"https:\/\/kolon-guclendirme.com\/gumushane\/wp-json\/wp\/v2\/tags?post=308"}],"curies":[{"name":"wp","href":"https:\/\/api.w.org\/{rel}","templated":true}]}}