{"id":146,"date":"2023-10-01T11:39:51","date_gmt":"2023-10-01T08:39:51","guid":{"rendered":"https:\/\/kolon-guclendirme.com\/fethiye\/fethiye-zemin-karbon-elyaf-kaplama\/"},"modified":"2023-10-01T11:39:51","modified_gmt":"2023-10-01T08:39:51","slug":"fethiye-zemin-karbon-elyaf-kaplama","status":"publish","type":"post","link":"https:\/\/kolon-guclendirme.com\/fethiye\/fethiye-zemin-karbon-elyaf-kaplama\/","title":{"rendered":"Fethiye Zemin karbon elyaf kaplama"},"content":{"rendered":"<p>Fethiye zemin karbon elyaf kaplama, dayan\u0131kl\u0131 ve hafif bir malzeme olarak kullan\u0131lmaktad\u0131r. Bu kaplama, karbon elyaf veya aramid lifleri kullan\u0131larak yap\u0131l\u0131r. Sonu\u00e7 olarak, bu kaplama, darbe ve \u00e7izilmeye dayan\u0131kl\u0131, ayn\u0131 zamanda hafif ve s\u0131zd\u0131rmazl\u0131k sa\u011flar. Fethiye zemin karbon elyaf kaplama, \u00e7ok \u00e7e\u015fitli alanlarda kullan\u0131lmaktad\u0131r. Bunlar aras\u0131nda, havac\u0131l\u0131k, otomotiv, y\u00fcksek teknoloji, savunma, t\u0131p, spor ve elektronik alanlar\u0131 yer almaktad\u0131r. Fethiye zemin karbon elyaf kaplama, kullan\u0131m\u0131 kolay, dayan\u0131kl\u0131 ve hafif bir malzeme olarak kabul edilmektedir. Bu kaplama, ayr\u0131ca s\u00fcrt\u00fcnmeyi azaltmak, \u0131s\u0131y\u0131<\/p>\n<p>        <!-- \/wp:paragraph --><\/p>\n<div id='gallery-1' class='gallery galleryid-146 gallery-columns-2 gallery-size-large'><figure class='gallery-item'>\n\t\t\t<div class='gallery-icon portrait'>\n\t\t\t\t<a href='https:\/\/kolon-guclendirme.com\/fethiye\/wp-content\/uploads\/sites\/51\/2023\/09\/Fethiye-Teras-karbon-fiber-kaplama-maliyeti-65786.webp'><img loading=\"lazy\" decoding=\"async\" width=\"853\" height=\"1200\" src=\"https:\/\/kolon-guclendirme.com\/fethiye\/wp-content\/uploads\/sites\/51\/2023\/09\/Fethiye-Teras-karbon-fiber-kaplama-maliyeti-65786.webp\" class=\"attachment-large size-large\" alt=\"\" srcset=\"https:\/\/kolon-guclendirme.com\/fethiye\/wp-content\/uploads\/sites\/51\/2023\/09\/Fethiye-Teras-karbon-fiber-kaplama-maliyeti-65786.webp 853w, https:\/\/kolon-guclendirme.com\/fethiye\/wp-content\/uploads\/sites\/51\/2023\/09\/Fethiye-Teras-karbon-fiber-kaplama-maliyeti-65786-768x1080.webp 768w\" sizes=\"(max-width: 853px) 100vw, 853px\" \/><\/a>\n\t\t\t<\/div><\/figure><figure class='gallery-item'>\n\t\t\t<div class='gallery-icon portrait'>\n\t\t\t\t<a href='https:\/\/kolon-guclendirme.com\/fethiye\/wp-content\/uploads\/sites\/51\/2023\/09\/Fethiye-Teras-karbon-lif-kaplama-fiyatlari-33190.webp'><img loading=\"lazy\" decoding=\"async\" width=\"853\" height=\"1200\" src=\"https:\/\/kolon-guclendirme.com\/fethiye\/wp-content\/uploads\/sites\/51\/2023\/09\/Fethiye-Teras-karbon-lif-kaplama-fiyatlari-33190.webp\" class=\"attachment-large size-large\" alt=\"Karagedik Frp lif zemin g\u00fc\u00e7lendirme fiyat\u0131\" srcset=\"https:\/\/kolon-guclendirme.com\/fethiye\/wp-content\/uploads\/sites\/51\/2023\/09\/Fethiye-Teras-karbon-lif-kaplama-fiyatlari-33190.webp 853w, https:\/\/kolon-guclendirme.com\/fethiye\/wp-content\/uploads\/sites\/51\/2023\/09\/Fethiye-Teras-karbon-lif-kaplama-fiyatlari-33190-768x1080.webp 768w\" sizes=\"(max-width: 853px) 100vw, 853px\" \/><\/a>\n\t\t\t<\/div><\/figure>\n\t\t<\/div>\n\n","protected":false},"excerpt":{"rendered":"<p>Fethiye zemin karbon elyaf kaplama, dayan\u0131kl\u0131 ve hafif bir malzeme olarak kullan\u0131lmaktad\u0131r. Bu kaplama, karbon elyaf veya aramid lifleri kullan\u0131larak yap\u0131l\u0131r. Sonu\u00e7 olarak, bu kaplama, darbe ve \u00e7izilmeye dayan\u0131kl\u0131, ayn\u0131 &#8230;<\/p>\n","protected":false},"author":1,"featured_media":1556,"comment_status":"open","ping_status":"open","sticky":false,"template":"","format":"standard","meta":{"footnotes":""},"categories":[1],"tags":[85,32,13,5,41],"_links":{"self":[{"href":"https:\/\/kolon-guclendirme.com\/fethiye\/wp-json\/wp\/v2\/posts\/146"}],"collection":[{"href":"https:\/\/kolon-guclendirme.com\/fethiye\/wp-json\/wp\/v2\/posts"}],"about":[{"href":"https:\/\/kolon-guclendirme.com\/fethiye\/wp-json\/wp\/v2\/types\/post"}],"author":[{"embeddable":true,"href":"https:\/\/kolon-guclendirme.com\/fethiye\/wp-json\/wp\/v2\/users\/1"}],"replies":[{"embeddable":true,"href":"https:\/\/kolon-guclendirme.com\/fethiye\/wp-json\/wp\/v2\/comments?post=146"}],"version-history":[{"count":1,"href":"https:\/\/kolon-guclendirme.com\/fethiye\/wp-json\/wp\/v2\/posts\/146\/revisions"}],"predecessor-version":[{"id":1723,"href":"https:\/\/kolon-guclendirme.com\/fethiye\/wp-json\/wp\/v2\/posts\/146\/revisions\/1723"}],"wp:featuredmedia":[{"embeddable":true,"href":"https:\/\/kolon-guclendirme.com\/fethiye\/wp-json\/wp\/v2\/media\/1556"}],"wp:attachment":[{"href":"https:\/\/kolon-guclendirme.com\/fethiye\/wp-json\/wp\/v2\/media?parent=146"}],"wp:term":[{"taxonomy":"category","embeddable":true,"href":"https:\/\/kolon-guclendirme.com\/fethiye\/wp-json\/wp\/v2\/categories?post=146"},{"taxonomy":"post_tag","embeddable":true,"href":"https:\/\/kolon-guclendirme.com\/fethiye\/wp-json\/wp\/v2\/tags?post=146"}],"curies":[{"name":"wp","href":"https:\/\/api.w.org\/{rel}","templated":true}]}}