{"id":1806,"date":"2023-10-14T03:20:05","date_gmt":"2023-10-14T00:20:05","guid":{"rendered":"https:\/\/kolon-guclendirme.com\/fatih\/ali-kuscu-karbon-fiber-ile-duvar-guclendirme\/"},"modified":"2023-10-14T03:20:05","modified_gmt":"2023-10-14T00:20:05","slug":"ali-kuscu-karbon-fiber-ile-duvar-guclendirme","status":"publish","type":"post","link":"https:\/\/kolon-guclendirme.com\/fatih\/ali-kuscu-karbon-fiber-ile-duvar-guclendirme\/","title":{"rendered":"Ali Ku\u015f\u00e7u karbon fiber ile duvar g\u00fc\u00e7lendirme"},"content":{"rendered":"<h1>Fatih Ali Ku\u015f\u00e7u karbon fiber ile duvar g\u00fc\u00e7lendirme<\/h1>\n<p>Fatih il\u00e7esi, Ali Ku\u015f\u00e7u&#8217;nun izinde ilerlerken karbon fiber duvar g\u00fc\u00e7lendirmesiyle tarih ve teknoloji bir araya geliyor.<div id='gallery-1' class='gallery galleryid-1806 gallery-columns-2 gallery-size-large'><figure class='gallery-item'>\n\t\t\t<div class='gallery-icon portrait'>\n\t\t\t\t<a href='https:\/\/kolon-guclendirme.com\/fatih\/wp-content\/uploads\/sites\/50\/2023\/09\/Fatih-Duvar-frp-kece-kaplama-firmalari-42463.webp'><img loading=\"lazy\" decoding=\"async\" width=\"853\" height=\"1200\" src=\"https:\/\/kolon-guclendirme.com\/fatih\/wp-content\/uploads\/sites\/50\/2023\/09\/Fatih-Duvar-frp-kece-kaplama-firmalari-42463.webp\" class=\"attachment-large size-large\" alt=\"Ali Ku\u015f\u00e7u karbon fiber ile duvar g\u00fc\u00e7lendirme\" srcset=\"https:\/\/kolon-guclendirme.com\/fatih\/wp-content\/uploads\/sites\/50\/2023\/09\/Fatih-Duvar-frp-kece-kaplama-firmalari-42463.webp 853w, https:\/\/kolon-guclendirme.com\/fatih\/wp-content\/uploads\/sites\/50\/2023\/09\/Fatih-Duvar-frp-kece-kaplama-firmalari-42463-768x1080.webp 768w\" sizes=\"(max-width: 853px) 100vw, 853px\" \/><\/a>\n\t\t\t<\/div><\/figure><figure class='gallery-item'>\n\t\t\t<div class='gallery-icon portrait'>\n\t\t\t\t<a href='https:\/\/kolon-guclendirme.com\/fatih\/wp-content\/uploads\/sites\/50\/2023\/09\/Fatih-Fiber-Takviyeli-Polimer-Kiris-Guclendirme-10197.webp'><img loading=\"lazy\" decoding=\"async\" width=\"853\" height=\"1200\" src=\"https:\/\/kolon-guclendirme.com\/fatih\/wp-content\/uploads\/sites\/50\/2023\/09\/Fatih-Fiber-Takviyeli-Polimer-Kiris-Guclendirme-10197.webp\" class=\"attachment-large size-large\" alt=\"Ali Ku\u015f\u00e7u karbon fiber ile duvar g\u00fc\u00e7lendirme\" srcset=\"https:\/\/kolon-guclendirme.com\/fatih\/wp-content\/uploads\/sites\/50\/2023\/09\/Fatih-Fiber-Takviyeli-Polimer-Kiris-Guclendirme-10197.webp 853w, https:\/\/kolon-guclendirme.com\/fatih\/wp-content\/uploads\/sites\/50\/2023\/09\/Fatih-Fiber-Takviyeli-Polimer-Kiris-Guclendirme-10197-768x1080.webp 768w\" sizes=\"(max-width: 853px) 100vw, 853px\" \/><\/a>\n\t\t\t<\/div><\/figure>\n\t\t<\/div>\n<\/p>\n","protected":false},"excerpt":{"rendered":"<p>Fatih Ali Ku\u015f\u00e7u karbon fiber ile duvar g\u00fc\u00e7lendirme Fatih il\u00e7esi, Ali Ku\u015f\u00e7u&#8217;nun izinde ilerlerken karbon fiber duvar g\u00fc\u00e7lendirmesiyle tarih ve teknoloji bir araya geliyor.<\/p>\n","protected":false},"author":0,"featured_media":1458,"comment_status":"","ping_status":"open","sticky":false,"template":"","format":"standard","meta":{"footnotes":""},"categories":[176],"tags":[22,32,3,19,118],"_links":{"self":[{"href":"https:\/\/kolon-guclendirme.com\/fatih\/wp-json\/wp\/v2\/posts\/1806"}],"collection":[{"href":"https:\/\/kolon-guclendirme.com\/fatih\/wp-json\/wp\/v2\/posts"}],"about":[{"href":"https:\/\/kolon-guclendirme.com\/fatih\/wp-json\/wp\/v2\/types\/post"}],"replies":[{"embeddable":true,"href":"https:\/\/kolon-guclendirme.com\/fatih\/wp-json\/wp\/v2\/comments?post=1806"}],"version-history":[{"count":0,"href":"https:\/\/kolon-guclendirme.com\/fatih\/wp-json\/wp\/v2\/posts\/1806\/revisions"}],"wp:featuredmedia":[{"embeddable":true,"href":"https:\/\/kolon-guclendirme.com\/fatih\/wp-json\/wp\/v2\/media\/1458"}],"wp:attachment":[{"href":"https:\/\/kolon-guclendirme.com\/fatih\/wp-json\/wp\/v2\/media?parent=1806"}],"wp:term":[{"taxonomy":"category","embeddable":true,"href":"https:\/\/kolon-guclendirme.com\/fatih\/wp-json\/wp\/v2\/categories?post=1806"},{"taxonomy":"post_tag","embeddable":true,"href":"https:\/\/kolon-guclendirme.com\/fatih\/wp-json\/wp\/v2\/tags?post=1806"}],"curies":[{"name":"wp","href":"https:\/\/api.w.org\/{rel}","templated":true}]}}