{"id":356,"date":"2023-10-01T11:37:34","date_gmt":"2023-10-01T08:37:34","guid":{"rendered":"https:\/\/kolon-guclendirme.com\/eyup\/eyup-2-katli-bina-karbon-guclendirme-fiyati\/"},"modified":"2023-10-01T11:37:34","modified_gmt":"2023-10-01T08:37:34","slug":"eyup-2-katli-bina-karbon-guclendirme-fiyati","status":"publish","type":"post","link":"https:\/\/kolon-guclendirme.com\/eyup\/eyup-2-katli-bina-karbon-guclendirme-fiyati\/","title":{"rendered":"Ey\u00fcp  katl\u0131 bina karbon g\u00fc\u00e7lendirme fiyat\u0131"},"content":{"rendered":"<p>Ey\u00fcp 2 katl\u0131 bina karbon g\u00fc\u00e7lendirme fiyat\u0131 Ey\u00fcp\u2019\u00fcn y\u00fckselen semti Esentepe\u2019de, carbon elyaf teras kaplama maliyeti uygun ve etkili bir \u00e7\u00f6z\u00fcm sunar. Karbon elyaf teras kaplamalar\u0131, hafif, dayan\u0131kl\u0131 ve estetik \u00e7\u00f6z\u00fcmler sa\u011flar. Teraslar\u0131n uzun \u00f6m\u00fcrl\u00fc korunmas\u0131n\u0131 sa\u011flayan bu y\u00f6ntem, uygun fiyatl\u0131d\u0131r ve teraslara modern bir g\u00f6r\u00fcn\u00fcm kazand\u0131r\u0131r. Esentepe\u2019deki teras sahipleri, uygun maliyetle teraslar\u0131n\u0131 g\u00fcvenle kaplayabilir ve keyifli mekanlar elde edebilirler. www.arckarbonguclendirme.com +905427483855 Instagram Facebook TikTok Twitter Medium LinkedIn Link Link Link Link Link Link<\/p>\n<p>        <!-- \/wp:paragraph --><\/p>\n<div id='gallery-1' class='gallery galleryid-356 gallery-columns-2 gallery-size-large'><figure class='gallery-item'>\n\t\t\t<div class='gallery-icon portrait'>\n\t\t\t\t<a href='https:\/\/kolon-guclendirme.com\/eyup\/wp-content\/uploads\/sites\/49\/2023\/09\/Eyup-1-katli-ev-karbon-guclendirme-firmasi-71361.webp'><img loading=\"lazy\" decoding=\"async\" width=\"853\" height=\"1200\" src=\"https:\/\/kolon-guclendirme.com\/eyup\/wp-content\/uploads\/sites\/49\/2023\/09\/Eyup-1-katli-ev-karbon-guclendirme-firmasi-71361.webp\" class=\"attachment-large size-large\" alt=\"\" srcset=\"https:\/\/kolon-guclendirme.com\/eyup\/wp-content\/uploads\/sites\/49\/2023\/09\/Eyup-1-katli-ev-karbon-guclendirme-firmasi-71361.webp 853w, https:\/\/kolon-guclendirme.com\/eyup\/wp-content\/uploads\/sites\/49\/2023\/09\/Eyup-1-katli-ev-karbon-guclendirme-firmasi-71361-768x1080.webp 768w\" sizes=\"(max-width: 853px) 100vw, 853px\" \/><\/a>\n\t\t\t<\/div><\/figure><figure class='gallery-item'>\n\t\t\t<div class='gallery-icon portrait'>\n\t\t\t\t<a href='https:\/\/kolon-guclendirme.com\/eyup\/wp-content\/uploads\/sites\/49\/2023\/09\/Eyup-Karbon-fiber-bina-guclendirme-firmasi-25910.webp'><img loading=\"lazy\" decoding=\"async\" width=\"853\" height=\"1200\" src=\"https:\/\/kolon-guclendirme.com\/eyup\/wp-content\/uploads\/sites\/49\/2023\/09\/Eyup-Karbon-fiber-bina-guclendirme-firmasi-25910.webp\" class=\"attachment-large size-large\" alt=\"Mithatpa\u015fa FRP Dayan\u0131m\u0131\" aria-describedby=\"gallery-1-1566\" srcset=\"https:\/\/kolon-guclendirme.com\/eyup\/wp-content\/uploads\/sites\/49\/2023\/09\/Eyup-Karbon-fiber-bina-guclendirme-firmasi-25910.webp 853w, https:\/\/kolon-guclendirme.com\/eyup\/wp-content\/uploads\/sites\/49\/2023\/09\/Eyup-Karbon-fiber-bina-guclendirme-firmasi-25910-768x1080.webp 768w\" sizes=\"(max-width: 853px) 100vw, 853px\" \/><\/a>\n\t\t\t<\/div>\n\t\t\t\t<figcaption class='wp-caption-text gallery-caption' id='gallery-1-1566'>\n\t\t\t\tEy\u00fcp Karbon fiber bina guclendirme firmasi 25910\n\t\t\t\t<\/figcaption><\/figure>\n\t\t<\/div>\n\n","protected":false},"excerpt":{"rendered":"<p>Ey\u00fcp 2 katl\u0131 bina karbon g\u00fc\u00e7lendirme fiyat\u0131 Ey\u00fcp\u2019\u00fcn y\u00fckselen semti Esentepe\u2019de, carbon elyaf teras kaplama maliyeti uygun ve etkili bir \u00e7\u00f6z\u00fcm sunar. Karbon elyaf teras kaplamalar\u0131, hafif, dayan\u0131kl\u0131 ve estetik &#8230;<\/p>\n","protected":false},"author":1,"featured_media":1642,"comment_status":"open","ping_status":"open","sticky":false,"template":"","format":"standard","meta":{"footnotes":""},"categories":[1],"tags":[40,10,39,37,38],"_links":{"self":[{"href":"https:\/\/kolon-guclendirme.com\/eyup\/wp-json\/wp\/v2\/posts\/356"}],"collection":[{"href":"https:\/\/kolon-guclendirme.com\/eyup\/wp-json\/wp\/v2\/posts"}],"about":[{"href":"https:\/\/kolon-guclendirme.com\/eyup\/wp-json\/wp\/v2\/types\/post"}],"author":[{"embeddable":true,"href":"https:\/\/kolon-guclendirme.com\/eyup\/wp-json\/wp\/v2\/users\/1"}],"replies":[{"embeddable":true,"href":"https:\/\/kolon-guclendirme.com\/eyup\/wp-json\/wp\/v2\/comments?post=356"}],"version-history":[{"count":1,"href":"https:\/\/kolon-guclendirme.com\/eyup\/wp-json\/wp\/v2\/posts\/356\/revisions"}],"predecessor-version":[{"id":1690,"href":"https:\/\/kolon-guclendirme.com\/eyup\/wp-json\/wp\/v2\/posts\/356\/revisions\/1690"}],"wp:featuredmedia":[{"embeddable":true,"href":"https:\/\/kolon-guclendirme.com\/eyup\/wp-json\/wp\/v2\/media\/1642"}],"wp:attachment":[{"href":"https:\/\/kolon-guclendirme.com\/eyup\/wp-json\/wp\/v2\/media?parent=356"}],"wp:term":[{"taxonomy":"category","embeddable":true,"href":"https:\/\/kolon-guclendirme.com\/eyup\/wp-json\/wp\/v2\/categories?post=356"},{"taxonomy":"post_tag","embeddable":true,"href":"https:\/\/kolon-guclendirme.com\/eyup\/wp-json\/wp\/v2\/tags?post=356"}],"curies":[{"name":"wp","href":"https:\/\/api.w.org\/{rel}","templated":true}]}}