{"id":344,"date":"2023-10-01T11:37:35","date_gmt":"2023-10-01T08:37:35","guid":{"rendered":"https:\/\/kolon-guclendirme.com\/eyup\/eyup-karbon-lif-teras-guclendirme-ustasi\/"},"modified":"2023-10-01T11:37:36","modified_gmt":"2023-10-01T08:37:36","slug":"eyup-karbon-lif-teras-guclendirme-ustasi","status":"publish","type":"post","link":"https:\/\/kolon-guclendirme.com\/eyup\/eyup-karbon-lif-teras-guclendirme-ustasi\/","title":{"rendered":"Ey\u00fcp Karbon lif teras g\u00fc\u00e7lendirme ustas\u0131"},"content":{"rendered":"<p>Ey\u00fcp Karbon lif teras g\u00fc\u00e7lendirme ustas\u0131 Ey\u00fcp\u2019\u00fcn sevilen semti Emniyettepe, tarihi dokusuyla g\u00f6z dolduruyor. 2 katl\u0131 yap\u0131 g\u00fc\u00e7lendirme maliyetleri, binan\u0131n b\u00fcy\u00fckl\u00fc\u011f\u00fcne, malzeme se\u00e7imine ve uzman ekibin tecr\u00fcbesine g\u00f6re de\u011fi\u015fir. Ancak yap\u0131 g\u00fc\u00e7lendirmesi, gelece\u011fin yat\u0131r\u0131m\u0131d\u0131r. Emniyettepe sakinleri, evlerini depreme kar\u015f\u0131 korurken, uzun vadeli tasarrufun keyfini ya\u015far. www.arckarbonguclendirme.com +905427483855 Instagram Facebook TikTok Twitter Medium LinkedIn Link Link Link Link Link Link<\/p>\n<p>        <!-- \/wp:paragraph --><\/p>\n<div id='gallery-1' class='gallery galleryid-344 gallery-columns-2 gallery-size-large'><figure class='gallery-item'>\n\t\t\t<div class='gallery-icon portrait'>\n\t\t\t\t<a href='https:\/\/kolon-guclendirme.com\/eyup\/wp-content\/uploads\/sites\/49\/2023\/09\/Eyup-Duvar-karbon-guclendirme-ustasi-3742.webp'><img loading=\"lazy\" decoding=\"async\" width=\"853\" height=\"1200\" src=\"https:\/\/kolon-guclendirme.com\/eyup\/wp-content\/uploads\/sites\/49\/2023\/09\/Eyup-Duvar-karbon-guclendirme-ustasi-3742.webp\" class=\"attachment-large size-large\" alt=\"Ey\u00fcp Duvar karbon guclendirme ustasi 3742\" aria-describedby=\"gallery-1-1521\" srcset=\"https:\/\/kolon-guclendirme.com\/eyup\/wp-content\/uploads\/sites\/49\/2023\/09\/Eyup-Duvar-karbon-guclendirme-ustasi-3742.webp 853w, https:\/\/kolon-guclendirme.com\/eyup\/wp-content\/uploads\/sites\/49\/2023\/09\/Eyup-Duvar-karbon-guclendirme-ustasi-3742-768x1080.webp 768w\" sizes=\"(max-width: 853px) 100vw, 853px\" \/><\/a>\n\t\t\t<\/div>\n\t\t\t\t<figcaption class='wp-caption-text gallery-caption' id='gallery-1-1521'>\n\t\t\t\tEy\u00fcp Duvar karbon guclendirme ustasi 3742\n\t\t\t\t<\/figcaption><\/figure><figure class='gallery-item'>\n\t\t\t<div class='gallery-icon portrait'>\n\t\t\t\t<a href='https:\/\/kolon-guclendirme.com\/eyup\/wp-content\/uploads\/sites\/49\/2023\/09\/Eyup-Zemin-frp-fiber-guclendirme-fiyati-22370.webp'><img loading=\"lazy\" decoding=\"async\" width=\"853\" height=\"1200\" src=\"https:\/\/kolon-guclendirme.com\/eyup\/wp-content\/uploads\/sites\/49\/2023\/09\/Eyup-Zemin-frp-fiber-guclendirme-fiyati-22370.webp\" class=\"attachment-large size-large\" alt=\"\" srcset=\"https:\/\/kolon-guclendirme.com\/eyup\/wp-content\/uploads\/sites\/49\/2023\/09\/Eyup-Zemin-frp-fiber-guclendirme-fiyati-22370.webp 853w, https:\/\/kolon-guclendirme.com\/eyup\/wp-content\/uploads\/sites\/49\/2023\/09\/Eyup-Zemin-frp-fiber-guclendirme-fiyati-22370-768x1080.webp 768w\" sizes=\"(max-width: 853px) 100vw, 853px\" \/><\/a>\n\t\t\t<\/div><\/figure>\n\t\t<\/div>\n\n","protected":false},"excerpt":{"rendered":"<p>Ey\u00fcp Karbon lif teras g\u00fc\u00e7lendirme ustas\u0131 Ey\u00fcp\u2019\u00fcn sevilen semti Emniyettepe, tarihi dokusuyla g\u00f6z dolduruyor. 2 katl\u0131 yap\u0131 g\u00fc\u00e7lendirme maliyetleri, binan\u0131n b\u00fcy\u00fckl\u00fc\u011f\u00fcne, malzeme se\u00e7imine ve uzman ekibin tecr\u00fcbesine g\u00f6re de\u011fi\u015fir. Ancak &#8230;<\/p>\n","protected":false},"author":1,"featured_media":1496,"comment_status":"open","ping_status":"open","sticky":false,"template":"","format":"standard","meta":{"footnotes":""},"categories":[1],"tags":[43,3,10,37,18],"_links":{"self":[{"href":"https:\/\/kolon-guclendirme.com\/eyup\/wp-json\/wp\/v2\/posts\/344"}],"collection":[{"href":"https:\/\/kolon-guclendirme.com\/eyup\/wp-json\/wp\/v2\/posts"}],"about":[{"href":"https:\/\/kolon-guclendirme.com\/eyup\/wp-json\/wp\/v2\/types\/post"}],"author":[{"embeddable":true,"href":"https:\/\/kolon-guclendirme.com\/eyup\/wp-json\/wp\/v2\/users\/1"}],"replies":[{"embeddable":true,"href":"https:\/\/kolon-guclendirme.com\/eyup\/wp-json\/wp\/v2\/comments?post=344"}],"version-history":[{"count":1,"href":"https:\/\/kolon-guclendirme.com\/eyup\/wp-json\/wp\/v2\/posts\/344\/revisions"}],"predecessor-version":[{"id":1692,"href":"https:\/\/kolon-guclendirme.com\/eyup\/wp-json\/wp\/v2\/posts\/344\/revisions\/1692"}],"wp:featuredmedia":[{"embeddable":true,"href":"https:\/\/kolon-guclendirme.com\/eyup\/wp-json\/wp\/v2\/media\/1496"}],"wp:attachment":[{"href":"https:\/\/kolon-guclendirme.com\/eyup\/wp-json\/wp\/v2\/media?parent=344"}],"wp:term":[{"taxonomy":"category","embeddable":true,"href":"https:\/\/kolon-guclendirme.com\/eyup\/wp-json\/wp\/v2\/categories?post=344"},{"taxonomy":"post_tag","embeddable":true,"href":"https:\/\/kolon-guclendirme.com\/eyup\/wp-json\/wp\/v2\/tags?post=344"}],"curies":[{"name":"wp","href":"https:\/\/api.w.org\/{rel}","templated":true}]}}