{"id":1828,"date":"2024-01-15T12:50:14","date_gmt":"2024-01-15T09:50:14","guid":{"rendered":"https:\/\/kolon-guclendirme.com\/eyup\/silahtaraga-karbon-fiber-guclendirme-metre-fiyati\/"},"modified":"2024-01-15T12:50:17","modified_gmt":"2024-01-15T09:50:17","slug":"silahtaraga-karbon-fiber-guclendirme-metre-fiyati","status":"publish","type":"post","link":"https:\/\/kolon-guclendirme.com\/eyup\/silahtaraga-karbon-fiber-guclendirme-metre-fiyati\/","title":{"rendered":"Silahtara\u011fa karbon fiber g\u00fc\u00e7lendirme metre fiyat\u0131"},"content":{"rendered":"<p>**Karbon Fiber G\u00fc\u00e7lendirme Metre Fiyat\u0131 Ey\u00fcp il\u00e7esi Silahtara\u011fa Mahallesi**<\/p>\n<p>Karbon fiber g\u00fc\u00e7lendirme, yap\u0131sal elemanlar\u0131n dayan\u0131kl\u0131l\u0131\u011f\u0131n\u0131 ve mukavemetini art\u0131rmak i\u00e7in kullan\u0131lan bir y\u00f6ntemdir. Bu y\u00f6ntem, karbon fiber kuma\u015flar\u0131n epoksi re\u00e7ine ile birlikte yap\u0131sal elemanlara uygulanmas\u0131yla ger\u00e7ekle\u015ftirilir. Karbon fiber g\u00fc\u00e7lendirme, beton, \u00e7elik ve ah\u015fap gibi bir\u00e7ok farkl\u0131 yap\u0131sal elemanda kullan\u0131labilir.<\/p>\n<p>Ey\u00fcp il\u00e7esi Silahtara\u011fa mahallesi sakinleri, karbon fiber g\u00fc\u00e7lendirme hizmeti almak i\u00e7in bir\u00e7ok farkl\u0131 firmadan fiyat teklifi alabilirler. Bu firmalar\u0131n fiyatlar\u0131, kullan\u0131lan karbon fiber kuma\u015f\u0131n kalitesi, epoksi re\u00e7inenin t\u00fcr\u00fc, i\u015f\u00e7ilik maliyeti ve yap\u0131lacak i\u015fin kapsam\u0131na g\u00f6re de\u011fi\u015febilir.<\/p>\n<p>Karbon fiber g\u00fc\u00e7lendirme metre fiyat\u0131, genellikle metrekare ba\u015f\u0131na belirlenir. Ancak, baz\u0131 firmalar i\u015fin kapsam\u0131na g\u00f6re fiyatland\u0131rma yapabilirler. Bu nedenle, karbon fiber g\u00fc\u00e7lendirme hizmeti almak isteyen ki\u015filerin, i\u015fin kapsam\u0131n\u0131 ve kullan\u0131lacak malzemeleri firmayla g\u00f6r\u00fc\u015ferek net bir fiyat teklifi almalar\u0131 \u00f6nerilir.<\/p>\n<p>Karbon fiber g\u00fc\u00e7lendirme hizmeti, genellikle uzman ekipler taraf\u0131ndan ger\u00e7ekle\u015ftirilir. Bu nedenle, karbon fiber g\u00fc\u00e7lendirme hizmeti almak isteyen ki\u015filerin, alan\u0131nda uzman ve deneyimli bir firma se\u00e7meleri \u00f6nemlidir. Uzman ekipler, karbon fiber g\u00fc\u00e7lendirme i\u015flemini do\u011fru bir \u015fekilde uygulayarak yap\u0131sal elemanlar\u0131n dayan\u0131kl\u0131l\u0131\u011f\u0131n\u0131 ve mukavemetini art\u0131rabilirler.<div id='gallery-1' class='gallery galleryid-1828 gallery-columns-2 gallery-size-large'><figure class='gallery-item'>\n\t\t\t<div class='gallery-icon portrait'>\n\t\t\t\t<a href='https:\/\/kolon-guclendirme.com\/eyup\/wp-content\/uploads\/sites\/49\/2023\/09\/Eyup-Kolon-frp-lif-guclendirme-ustasi-77858.webp'><img loading=\"lazy\" decoding=\"async\" width=\"853\" height=\"1200\" src=\"https:\/\/kolon-guclendirme.com\/eyup\/wp-content\/uploads\/sites\/49\/2023\/09\/Eyup-Kolon-frp-lif-guclendirme-ustasi-77858.webp\" class=\"attachment-large size-large\" alt=\"islambey Teras karbon lif g\u00fc\u00e7lendirme yapanlar\" srcset=\"https:\/\/kolon-guclendirme.com\/eyup\/wp-content\/uploads\/sites\/49\/2023\/09\/Eyup-Kolon-frp-lif-guclendirme-ustasi-77858.webp 853w, https:\/\/kolon-guclendirme.com\/eyup\/wp-content\/uploads\/sites\/49\/2023\/09\/Eyup-Kolon-frp-lif-guclendirme-ustasi-77858-768x1080.webp 768w\" sizes=\"(max-width: 853px) 100vw, 853px\" \/><\/a>\n\t\t\t<\/div><\/figure><figure class='gallery-item'>\n\t\t\t<div class='gallery-icon portrait'>\n\t\t\t\t<a href='https:\/\/kolon-guclendirme.com\/eyup\/wp-content\/uploads\/sites\/49\/2023\/09\/Eyup-Carbon-fiber-tavan-guclendirme-sistemleri-14026.webp'><img loading=\"lazy\" decoding=\"async\" width=\"853\" height=\"1200\" src=\"https:\/\/kolon-guclendirme.com\/eyup\/wp-content\/uploads\/sites\/49\/2023\/09\/Eyup-Carbon-fiber-tavan-guclendirme-sistemleri-14026.webp\" class=\"attachment-large size-large\" alt=\"Defterdar Zemin frp fiber kaplama sistemleri\" srcset=\"https:\/\/kolon-guclendirme.com\/eyup\/wp-content\/uploads\/sites\/49\/2023\/09\/Eyup-Carbon-fiber-tavan-guclendirme-sistemleri-14026.webp 853w, https:\/\/kolon-guclendirme.com\/eyup\/wp-content\/uploads\/sites\/49\/2023\/09\/Eyup-Carbon-fiber-tavan-guclendirme-sistemleri-14026-768x1080.webp 768w\" sizes=\"(max-width: 853px) 100vw, 853px\" \/><\/a>\n\t\t\t<\/div><\/figure>\n\t\t<\/div>\n<\/p>\n","protected":false},"excerpt":{"rendered":"<p>**Karbon Fiber G\u00fc\u00e7lendirme Metre Fiyat\u0131 Ey\u00fcp il\u00e7esi Silahtara\u011fa Mahallesi** Karbon fiber g\u00fc\u00e7lendirme, yap\u0131sal elemanlar\u0131n dayan\u0131kl\u0131l\u0131\u011f\u0131n\u0131 ve mukavemetini art\u0131rmak i\u00e7in kullan\u0131lan bir y\u00f6ntemdir. Bu y\u00f6ntem, karbon fiber kuma\u015flar\u0131n epoksi re\u00e7ine ile &#8230;<\/p>\n","protected":false},"author":1,"featured_media":1655,"comment_status":"closed","ping_status":"open","sticky":false,"template":"","format":"standard","meta":{"footnotes":""},"categories":[166],"tags":[20,3,79,10,52],"_links":{"self":[{"href":"https:\/\/kolon-guclendirme.com\/eyup\/wp-json\/wp\/v2\/posts\/1828"}],"collection":[{"href":"https:\/\/kolon-guclendirme.com\/eyup\/wp-json\/wp\/v2\/posts"}],"about":[{"href":"https:\/\/kolon-guclendirme.com\/eyup\/wp-json\/wp\/v2\/types\/post"}],"author":[{"embeddable":true,"href":"https:\/\/kolon-guclendirme.com\/eyup\/wp-json\/wp\/v2\/users\/1"}],"replies":[{"embeddable":true,"href":"https:\/\/kolon-guclendirme.com\/eyup\/wp-json\/wp\/v2\/comments?post=1828"}],"version-history":[{"count":1,"href":"https:\/\/kolon-guclendirme.com\/eyup\/wp-json\/wp\/v2\/posts\/1828\/revisions"}],"predecessor-version":[{"id":1829,"href":"https:\/\/kolon-guclendirme.com\/eyup\/wp-json\/wp\/v2\/posts\/1828\/revisions\/1829"}],"wp:featuredmedia":[{"embeddable":true,"href":"https:\/\/kolon-guclendirme.com\/eyup\/wp-json\/wp\/v2\/media\/1655"}],"wp:attachment":[{"href":"https:\/\/kolon-guclendirme.com\/eyup\/wp-json\/wp\/v2\/media?parent=1828"}],"wp:term":[{"taxonomy":"category","embeddable":true,"href":"https:\/\/kolon-guclendirme.com\/eyup\/wp-json\/wp\/v2\/categories?post=1828"},{"taxonomy":"post_tag","embeddable":true,"href":"https:\/\/kolon-guclendirme.com\/eyup\/wp-json\/wp\/v2\/tags?post=1828"}],"curies":[{"name":"wp","href":"https:\/\/api.w.org\/{rel}","templated":true}]}}