{"id":134,"date":"2023-10-01T11:37:56","date_gmt":"2023-10-01T08:37:56","guid":{"rendered":"https:\/\/kolon-guclendirme.com\/eyup\/eyup-karbon-fiber-guclendirme-hangi-binalara-yapilir\/"},"modified":"2023-10-01T11:37:57","modified_gmt":"2023-10-01T08:37:57","slug":"eyup-karbon-fiber-guclendirme-hangi-binalara-yapilir","status":"publish","type":"post","link":"https:\/\/kolon-guclendirme.com\/eyup\/eyup-karbon-fiber-guclendirme-hangi-binalara-yapilir\/","title":{"rendered":"Ey\u00fcp karbon fiber g\u00fc\u00e7lendirme hangi binalara yap\u0131l\u0131r"},"content":{"rendered":"<p>Karbon fiber g\u00fc\u00e7lendirme, binalar\u0131n \u00e7e\u015fitli b\u00f6l\u00fcmlerini kuvvetlendirmek i\u00e7in kullan\u0131lan \u00e7ok katmanl\u0131 bir malzemedir. Bu teknik, beton, ah\u015fap ve di\u011fer malzemelerin \u00f6mr\u00fcn\u00fc uzatmak ve dayan\u0131kl\u0131l\u0131\u011f\u0131 art\u0131rmak i\u00e7in kullan\u0131l\u0131r. Karbon fiber g\u00fc\u00e7lendirme binalar\u0131n duvarlar\u0131n\u0131, kolonlar\u0131n\u0131 ve \u00e7at\u0131lar\u0131n\u0131 kuvvetlendirmek i\u00e7in kullan\u0131l\u0131r. Karbon fiber g\u00fc\u00e7lendirme, ayn\u0131 zamanda binalar\u0131n daha dayan\u0131kl\u0131 hale gelmesine yard\u0131mc\u0131 olur. Bu teknik, zemin etkilerinden veya depremlerden zarar g\u00f6rm\u00fc\u015f binalar\u0131n onar\u0131m\u0131 i\u00e7in de kullan\u0131l\u0131r. Karbon fiber g\u00fc\u00e7lendirme, \u00e7ok uzun \u00f6m\u00fcrl\u00fc ve dayan\u0131kl\u0131 binalar olu\u015fturmak i<\/p>\n<p>        <!-- \/wp:paragraph --><\/p>\n<div id='gallery-1' class='gallery galleryid-134 gallery-columns-2 gallery-size-large'><figure class='gallery-item'>\n\t\t\t<div class='gallery-icon portrait'>\n\t\t\t\t<a href='https:\/\/kolon-guclendirme.com\/eyup\/wp-content\/uploads\/sites\/49\/2023\/09\/Eyup-Bina-karbon-lif-guclendirme-firmasi-58631.webp'><img loading=\"lazy\" decoding=\"async\" width=\"853\" height=\"1200\" src=\"https:\/\/kolon-guclendirme.com\/eyup\/wp-content\/uploads\/sites\/49\/2023\/09\/Eyup-Bina-karbon-lif-guclendirme-firmasi-58631.webp\" class=\"attachment-large size-large\" alt=\"G\u00f6kt\u00fcrk Bina karbon elyaf kaplama ustas\u0131\" srcset=\"https:\/\/kolon-guclendirme.com\/eyup\/wp-content\/uploads\/sites\/49\/2023\/09\/Eyup-Bina-karbon-lif-guclendirme-firmasi-58631.webp 853w, https:\/\/kolon-guclendirme.com\/eyup\/wp-content\/uploads\/sites\/49\/2023\/09\/Eyup-Bina-karbon-lif-guclendirme-firmasi-58631-768x1080.webp 768w\" sizes=\"(max-width: 853px) 100vw, 853px\" \/><\/a>\n\t\t\t<\/div><\/figure><figure class='gallery-item'>\n\t\t\t<div class='gallery-icon portrait'>\n\t\t\t\t<a href='https:\/\/kolon-guclendirme.com\/eyup\/wp-content\/uploads\/sites\/49\/2023\/09\/Eyup-Kolon-karbon-elyaf-guclendirme-maliyeti-73974.webp'><img loading=\"lazy\" decoding=\"async\" width=\"853\" height=\"1200\" src=\"https:\/\/kolon-guclendirme.com\/eyup\/wp-content\/uploads\/sites\/49\/2023\/09\/Eyup-Kolon-karbon-elyaf-guclendirme-maliyeti-73974.webp\" class=\"attachment-large size-large\" alt=\"Ak\u015femsettin 6 katl\u0131 apartman karbon g\u00fc\u00e7lendirme firmas\u0131\" srcset=\"https:\/\/kolon-guclendirme.com\/eyup\/wp-content\/uploads\/sites\/49\/2023\/09\/Eyup-Kolon-karbon-elyaf-guclendirme-maliyeti-73974.webp 853w, https:\/\/kolon-guclendirme.com\/eyup\/wp-content\/uploads\/sites\/49\/2023\/09\/Eyup-Kolon-karbon-elyaf-guclendirme-maliyeti-73974-768x1080.webp 768w\" sizes=\"(max-width: 853px) 100vw, 853px\" \/><\/a>\n\t\t\t<\/div><\/figure>\n\t\t<\/div>\n\n","protected":false},"excerpt":{"rendered":"<p>Karbon fiber g\u00fc\u00e7lendirme, binalar\u0131n \u00e7e\u015fitli b\u00f6l\u00fcmlerini kuvvetlendirmek i\u00e7in kullan\u0131lan \u00e7ok katmanl\u0131 bir malzemedir. Bu teknik, beton, ah\u015fap ve di\u011fer malzemelerin \u00f6mr\u00fcn\u00fc uzatmak ve dayan\u0131kl\u0131l\u0131\u011f\u0131 art\u0131rmak i\u00e7in kullan\u0131l\u0131r. Karbon fiber g\u00fc\u00e7lendirme &#8230;<\/p>\n","protected":false},"author":1,"featured_media":1479,"comment_status":"open","ping_status":"open","sticky":false,"template":"","format":"standard","meta":{"footnotes":""},"categories":[1],"tags":[90,20,3,10,91],"_links":{"self":[{"href":"https:\/\/kolon-guclendirme.com\/eyup\/wp-json\/wp\/v2\/posts\/134"}],"collection":[{"href":"https:\/\/kolon-guclendirme.com\/eyup\/wp-json\/wp\/v2\/posts"}],"about":[{"href":"https:\/\/kolon-guclendirme.com\/eyup\/wp-json\/wp\/v2\/types\/post"}],"author":[{"embeddable":true,"href":"https:\/\/kolon-guclendirme.com\/eyup\/wp-json\/wp\/v2\/users\/1"}],"replies":[{"embeddable":true,"href":"https:\/\/kolon-guclendirme.com\/eyup\/wp-json\/wp\/v2\/comments?post=134"}],"version-history":[{"count":1,"href":"https:\/\/kolon-guclendirme.com\/eyup\/wp-json\/wp\/v2\/posts\/134\/revisions"}],"predecessor-version":[{"id":1727,"href":"https:\/\/kolon-guclendirme.com\/eyup\/wp-json\/wp\/v2\/posts\/134\/revisions\/1727"}],"wp:featuredmedia":[{"embeddable":true,"href":"https:\/\/kolon-guclendirme.com\/eyup\/wp-json\/wp\/v2\/media\/1479"}],"wp:attachment":[{"href":"https:\/\/kolon-guclendirme.com\/eyup\/wp-json\/wp\/v2\/media?parent=134"}],"wp:term":[{"taxonomy":"category","embeddable":true,"href":"https:\/\/kolon-guclendirme.com\/eyup\/wp-json\/wp\/v2\/categories?post=134"},{"taxonomy":"post_tag","embeddable":true,"href":"https:\/\/kolon-guclendirme.com\/eyup\/wp-json\/wp\/v2\/tags?post=134"}],"curies":[{"name":"wp","href":"https:\/\/api.w.org\/{rel}","templated":true}]}}