{"id":140,"date":"2023-10-01T11:36:57","date_gmt":"2023-10-01T08:36:57","guid":{"rendered":"https:\/\/kolon-guclendirme.com\/eskisehir\/eskisehir-frp-kece-tavan-guclendirme-fiyati\/"},"modified":"2023-10-01T11:36:57","modified_gmt":"2023-10-01T08:36:57","slug":"eskisehir-frp-kece-tavan-guclendirme-fiyati","status":"publish","type":"post","link":"https:\/\/kolon-guclendirme.com\/eskisehir\/eskisehir-frp-kece-tavan-guclendirme-fiyati\/","title":{"rendered":"Eski\u015fehir Frp ke\u00e7e tavan g\u00fc\u00e7lendirme fiyat\u0131"},"content":{"rendered":"<p>Eski\u015fehir\u2019de Frp ke\u00e7e tavan g\u00fc\u00e7lendirme, \u00e7ok kullan\u0131\u015fl\u0131 ve dayan\u0131kl\u0131 bir \u00e7\u00f6z\u00fcmd\u00fcr. Bu \u00e7\u00f6z\u00fcm, kullan\u0131c\u0131lar\u0131n tavanlar\u0131n\u0131 \u00e7ok y\u00f6nl\u00fc kullanmalar\u0131n\u0131 sa\u011flar. Frp ke\u00e7e tavan g\u00fc\u00e7lendirme, Eski\u015fehir\u2019de uygun fiyatlarla sunulmaktad\u0131r. Bu \u00e7\u00f6z\u00fcm, tavanlar\u0131n\u0131z\u0131n kullan\u0131m \u00f6mr\u00fcn\u00fc uzat\u0131r ve her t\u00fcrl\u00fc hava ko\u015fullar\u0131na dayan\u0131kl\u0131d\u0131r. Frp ke\u00e7e tavan g\u00fc\u00e7lendirme, kullan\u0131c\u0131lar\u0131n tavanlar\u0131n\u0131 g\u00fc\u00e7lendirmek i\u00e7in \u00e7ok ideal bir se\u00e7imdir.<\/p>\n<p>        <!-- \/wp:paragraph --><\/p>\n<div id='gallery-1' class='gallery galleryid-140 gallery-columns-2 gallery-size-large'><figure class='gallery-item'>\n\t\t\t<div class='gallery-icon portrait'>\n\t\t\t\t<a href='https:\/\/kolon-guclendirme.com\/eskisehir\/wp-content\/uploads\/sites\/48\/2023\/09\/Eskisehir-CFRP-Kolon-Projesi-8793.webp'><img loading=\"lazy\" decoding=\"async\" width=\"853\" height=\"1200\" src=\"https:\/\/kolon-guclendirme.com\/eskisehir\/wp-content\/uploads\/sites\/48\/2023\/09\/Eskisehir-CFRP-Kolon-Projesi-8793.webp\" class=\"attachment-large size-large\" alt=\"\" srcset=\"https:\/\/kolon-guclendirme.com\/eskisehir\/wp-content\/uploads\/sites\/48\/2023\/09\/Eskisehir-CFRP-Kolon-Projesi-8793.webp 853w, https:\/\/kolon-guclendirme.com\/eskisehir\/wp-content\/uploads\/sites\/48\/2023\/09\/Eskisehir-CFRP-Kolon-Projesi-8793-768x1080.webp 768w\" sizes=\"(max-width: 853px) 100vw, 853px\" \/><\/a>\n\t\t\t<\/div><\/figure><figure class='gallery-item'>\n\t\t\t<div class='gallery-icon portrait'>\n\t\t\t\t<a href='https:\/\/kolon-guclendirme.com\/eskisehir\/wp-content\/uploads\/sites\/48\/2023\/09\/Eskisehir-Kiris-frp-kaplama-firmasi-63816.webp'><img loading=\"lazy\" decoding=\"async\" width=\"853\" height=\"1200\" src=\"https:\/\/kolon-guclendirme.com\/eskisehir\/wp-content\/uploads\/sites\/48\/2023\/09\/Eskisehir-Kiris-frp-kaplama-firmasi-63816.webp\" class=\"attachment-large size-large\" alt=\"Sivrihisar Karbon fiberle g\u00fc\u00e7lendirilmi\u015f yap\u0131 elemanlar\u0131\" srcset=\"https:\/\/kolon-guclendirme.com\/eskisehir\/wp-content\/uploads\/sites\/48\/2023\/09\/Eskisehir-Kiris-frp-kaplama-firmasi-63816.webp 853w, https:\/\/kolon-guclendirme.com\/eskisehir\/wp-content\/uploads\/sites\/48\/2023\/09\/Eskisehir-Kiris-frp-kaplama-firmasi-63816-768x1080.webp 768w\" sizes=\"(max-width: 853px) 100vw, 853px\" \/><\/a>\n\t\t\t<\/div><\/figure>\n\t\t<\/div>\n\n","protected":false},"excerpt":{"rendered":"<p>Eski\u015fehir\u2019de Frp ke\u00e7e tavan g\u00fc\u00e7lendirme, \u00e7ok kullan\u0131\u015fl\u0131 ve dayan\u0131kl\u0131 bir \u00e7\u00f6z\u00fcmd\u00fcr. Bu \u00e7\u00f6z\u00fcm, kullan\u0131c\u0131lar\u0131n tavanlar\u0131n\u0131 \u00e7ok y\u00f6nl\u00fc kullanmalar\u0131n\u0131 sa\u011flar. Frp ke\u00e7e tavan g\u00fc\u00e7lendirme, Eski\u015fehir\u2019de uygun fiyatlarla sunulmaktad\u0131r. Bu \u00e7\u00f6z\u00fcm, tavanlar\u0131n\u0131z\u0131n &#8230;<\/p>\n","protected":false},"author":1,"featured_media":1515,"comment_status":"open","ping_status":"open","sticky":false,"template":"","format":"standard","meta":{"footnotes":""},"categories":[1],"tags":[63,83,11,19,22],"_links":{"self":[{"href":"https:\/\/kolon-guclendirme.com\/eskisehir\/wp-json\/wp\/v2\/posts\/140"}],"collection":[{"href":"https:\/\/kolon-guclendirme.com\/eskisehir\/wp-json\/wp\/v2\/posts"}],"about":[{"href":"https:\/\/kolon-guclendirme.com\/eskisehir\/wp-json\/wp\/v2\/types\/post"}],"author":[{"embeddable":true,"href":"https:\/\/kolon-guclendirme.com\/eskisehir\/wp-json\/wp\/v2\/users\/1"}],"replies":[{"embeddable":true,"href":"https:\/\/kolon-guclendirme.com\/eskisehir\/wp-json\/wp\/v2\/comments?post=140"}],"version-history":[{"count":1,"href":"https:\/\/kolon-guclendirme.com\/eskisehir\/wp-json\/wp\/v2\/posts\/140\/revisions"}],"predecessor-version":[{"id":1726,"href":"https:\/\/kolon-guclendirme.com\/eskisehir\/wp-json\/wp\/v2\/posts\/140\/revisions\/1726"}],"wp:featuredmedia":[{"embeddable":true,"href":"https:\/\/kolon-guclendirme.com\/eskisehir\/wp-json\/wp\/v2\/media\/1515"}],"wp:attachment":[{"href":"https:\/\/kolon-guclendirme.com\/eskisehir\/wp-json\/wp\/v2\/media?parent=140"}],"wp:term":[{"taxonomy":"category","embeddable":true,"href":"https:\/\/kolon-guclendirme.com\/eskisehir\/wp-json\/wp\/v2\/categories?post=140"},{"taxonomy":"post_tag","embeddable":true,"href":"https:\/\/kolon-guclendirme.com\/eskisehir\/wp-json\/wp\/v2\/tags?post=140"}],"curies":[{"name":"wp","href":"https:\/\/api.w.org\/{rel}","templated":true}]}}