{"id":1448,"date":"2023-10-01T11:34:35","date_gmt":"2023-10-01T08:34:35","guid":{"rendered":"https:\/\/kolon-guclendirme.com\/esenler\/frp-elyaf-bina-kaplama\/"},"modified":"2023-10-01T11:34:36","modified_gmt":"2023-10-01T08:34:36","slug":"frp-elyaf-bina-kaplama","status":"publish","type":"post","link":"https:\/\/kolon-guclendirme.com\/esenler\/frp-elyaf-bina-kaplama\/","title":{"rendered":"Frp elyaf bina kaplama"},"content":{"rendered":"<p>Frp elyaf bina kaplama \u201c\u015eehrinizdeki \u0130l\u00e7e ve Frp Elyaf Bina Kaplama: M\u00fckemmel Bir Uyum \u0130l\u00e7eniz, modern mimarinin etkileyici bir \u00f6rne\u011fi olan FRP (Fiber Reinforced Polymer) elyaf bina kaplamalar\u0131 ile g\u00f6z kama\u015ft\u0131r\u0131c\u0131 bir d\u00f6n\u00fc\u015f\u00fcm ge\u00e7iriyor. Bu inovatif malzeme, dayan\u0131kl\u0131l\u0131\u011f\u0131 ve estetik \u00e7ekicili\u011fi bir araya getirerek yap\u0131lar\u0131n\u0131za zarafet kat\u0131yor. FRP elyaf kaplamalar, geleneksel malzemelerden farkl\u0131 olarak hafif, ancak son derece dayan\u0131kl\u0131d\u0131r. \u0130l\u00e7enizdeki binalar\u0131n bu avantaj\u0131 kullanarak uzun \u00f6m\u00fcrl\u00fc ve bak\u0131m\u0131 kolay bir esteti\u011fe kavu\u015fmas\u0131, s\u00fcrd\u00fcr\u00fclebilir bir \u00e7evre i\u00e7in \u00f6nemli bir ad\u0131md\u0131r. Bu modern kaplamalar, iklim de\u011fi\u015fiklikleri ve a\u015f\u0131nma gibi d\u0131\u015f etkenlere kar\u015f\u0131 y\u00fcksek diren\u00e7 sunar. \u0130l\u00e7enizin iklimine uygun olarak tasarlanan FRP elyaf kaplamalar, binalar\u0131n\u0131z\u0131 uzun y\u0131llar boyunca korur, b\u00f6ylece maliyetleri azalt\u0131rken dayan\u0131kl\u0131l\u0131\u011f\u0131 art\u0131r\u0131r. Ayr\u0131ca, FRP elyaf kaplamalar\u0131n esnek tasar\u0131m se\u00e7enekleri, mimari \u00f6zg\u00fcnl\u00fck konusunda size geni\u015f bir alan sunar. \u0130l\u00e7enizin karakterine uygun renkler, dokular ve formlarla ola\u011fan\u00fcst\u00fc bir uyum yakalayabilirsiniz. Bu, b\u00f6lgenizin estetik zenginli\u011fini art\u0131rarak s\u00fcrd\u00fcr\u00fclebilir bir \u00e7evresel katk\u0131 sa\u011flar. Sonu\u00e7 olarak, il\u00e7enizdeki binalar\u0131 FRP elyaf kaplamalar ile d\u00f6\u015femek, dayan\u0131kl\u0131l\u0131k ve estetik aras\u0131nda m\u00fckemmel bir denge sa\u011flar. Bu yenilik\u00e7i malzeme, il\u00e7enizin mimari miras\u0131n\u0131 korurken gelece\u011fe d\u00f6n\u00fck s\u00fcrd\u00fcr\u00fclebilir bir \u00e7\u00f6z\u00fcm sunar. Bu d\u00f6n\u00fc\u015f\u00fcm, il\u00e7enizin \u00e7a\u011fda\u015f bir \u00e7ehre kazanmas\u0131n\u0131 sa\u011flayarak topluluk i\u00e7in gurur kayna\u011f\u0131 olacakt\u0131r.\u201d<\/p>\n<p>        <!-- \/wp:paragraph --><\/p>\n<div id='gallery-1' class='gallery galleryid-1448 gallery-columns-2 gallery-size-large'><figure class='gallery-item'>\n\t\t\t<div class='gallery-icon portrait'>\n\t\t\t\t<a href='https:\/\/kolon-guclendirme.com\/esenler\/wp-content\/uploads\/sites\/46\/2023\/09\/Esenler-Frp-fiber-zemin-guclendirme-ustasi-22717.webp'><img loading=\"lazy\" decoding=\"async\" width=\"853\" height=\"1200\" src=\"https:\/\/kolon-guclendirme.com\/esenler\/wp-content\/uploads\/sites\/46\/2023\/09\/Esenler-Frp-fiber-zemin-guclendirme-ustasi-22717.webp\" class=\"attachment-large size-large\" alt=\"Fatih Teras karbon lif kaplama fiyat\u0131\" srcset=\"https:\/\/kolon-guclendirme.com\/esenler\/wp-content\/uploads\/sites\/46\/2023\/09\/Esenler-Frp-fiber-zemin-guclendirme-ustasi-22717.webp 853w, https:\/\/kolon-guclendirme.com\/esenler\/wp-content\/uploads\/sites\/46\/2023\/09\/Esenler-Frp-fiber-zemin-guclendirme-ustasi-22717-768x1080.webp 768w\" sizes=\"(max-width: 853px) 100vw, 853px\" \/><\/a>\n\t\t\t<\/div><\/figure><figure class='gallery-item'>\n\t\t\t<div class='gallery-icon portrait'>\n\t\t\t\t<a href='https:\/\/kolon-guclendirme.com\/esenler\/wp-content\/uploads\/sites\/46\/2023\/09\/Esenler-karbon-fiber-guclendirme-is-basvurulari-49040.webp'><img loading=\"lazy\" decoding=\"async\" width=\"853\" height=\"1200\" src=\"https:\/\/kolon-guclendirme.com\/esenler\/wp-content\/uploads\/sites\/46\/2023\/09\/Esenler-karbon-fiber-guclendirme-is-basvurulari-49040.webp\" class=\"attachment-large size-large\" alt=\"\" srcset=\"https:\/\/kolon-guclendirme.com\/esenler\/wp-content\/uploads\/sites\/46\/2023\/09\/Esenler-karbon-fiber-guclendirme-is-basvurulari-49040.webp 853w, https:\/\/kolon-guclendirme.com\/esenler\/wp-content\/uploads\/sites\/46\/2023\/09\/Esenler-karbon-fiber-guclendirme-is-basvurulari-49040-768x1080.webp 768w\" sizes=\"(max-width: 853px) 100vw, 853px\" \/><\/a>\n\t\t\t<\/div><\/figure>\n\t\t<\/div>\n\n","protected":false},"excerpt":{"rendered":"<p>Frp elyaf bina kaplama \u201c\u015eehrinizdeki \u0130l\u00e7e ve Frp Elyaf Bina Kaplama: M\u00fckemmel Bir Uyum \u0130l\u00e7eniz, modern mimarinin etkileyici bir \u00f6rne\u011fi olan FRP (Fiber Reinforced Polymer) elyaf bina kaplamalar\u0131 ile g\u00f6z &#8230;<\/p>\n","protected":false},"author":0,"featured_media":1631,"comment_status":"closed","ping_status":"open","sticky":false,"template":"","format":"standard","meta":{"footnotes":""},"categories":[1],"tags":[4,3,6,5,7],"_links":{"self":[{"href":"https:\/\/kolon-guclendirme.com\/esenler\/wp-json\/wp\/v2\/posts\/1448"}],"collection":[{"href":"https:\/\/kolon-guclendirme.com\/esenler\/wp-json\/wp\/v2\/posts"}],"about":[{"href":"https:\/\/kolon-guclendirme.com\/esenler\/wp-json\/wp\/v2\/types\/post"}],"replies":[{"embeddable":true,"href":"https:\/\/kolon-guclendirme.com\/esenler\/wp-json\/wp\/v2\/comments?post=1448"}],"version-history":[{"count":1,"href":"https:\/\/kolon-guclendirme.com\/esenler\/wp-json\/wp\/v2\/posts\/1448\/revisions"}],"predecessor-version":[{"id":1682,"href":"https:\/\/kolon-guclendirme.com\/esenler\/wp-json\/wp\/v2\/posts\/1448\/revisions\/1682"}],"wp:featuredmedia":[{"embeddable":true,"href":"https:\/\/kolon-guclendirme.com\/esenler\/wp-json\/wp\/v2\/media\/1631"}],"wp:attachment":[{"href":"https:\/\/kolon-guclendirme.com\/esenler\/wp-json\/wp\/v2\/media?parent=1448"}],"wp:term":[{"taxonomy":"category","embeddable":true,"href":"https:\/\/kolon-guclendirme.com\/esenler\/wp-json\/wp\/v2\/categories?post=1448"},{"taxonomy":"post_tag","embeddable":true,"href":"https:\/\/kolon-guclendirme.com\/esenler\/wp-json\/wp\/v2\/tags?post=1448"}],"curies":[{"name":"wp","href":"https:\/\/api.w.org\/{rel}","templated":true}]}}