{"id":1813,"date":"2023-10-19T02:45:06","date_gmt":"2023-10-18T23:45:06","guid":{"rendered":"https:\/\/kolon-guclendirme.com\/elazig\/keban-karbon-kece-zemin-guclendirme-malzemesi\/"},"modified":"2023-10-19T02:45:06","modified_gmt":"2023-10-18T23:45:06","slug":"keban-karbon-kece-zemin-guclendirme-malzemesi","status":"publish","type":"post","link":"https:\/\/kolon-guclendirme.com\/elazig\/keban-karbon-kece-zemin-guclendirme-malzemesi\/","title":{"rendered":"Keban Karbon ke\u00e7e zemin g\u00fc\u00e7lendirme malzemesi"},"content":{"rendered":"<h1>Elaz\u0131\u011f Keban Karbon ke\u00e7e zemin g\u00fc\u00e7lendirme malzemesi<\/h1>\n<p>Keban&#8217;da Karbon Ke\u00e7e Zemin G\u00fc\u00e7lendirme Malzemesi: Zemin sa\u011flaml\u0131\u011f\u0131 i\u00e7in ideal bir \u00e7\u00f6z\u00fcm. Detaylar i\u00e7in blogumuza g\u00f6z at\u0131n!<div id='gallery-1' class='gallery galleryid-1813 gallery-columns-2 gallery-size-large'><figure class='gallery-item'>\n\t\t\t<div class='gallery-icon portrait'>\n\t\t\t\t<a href='https:\/\/kolon-guclendirme.com\/elazig\/wp-content\/uploads\/sites\/43\/2023\/09\/Elezig-Yapi-karbon-guclendirme-malzemesi-20961.webp'><img loading=\"lazy\" decoding=\"async\" width=\"853\" height=\"1200\" src=\"https:\/\/kolon-guclendirme.com\/elazig\/wp-content\/uploads\/sites\/43\/2023\/09\/Elezig-Yapi-karbon-guclendirme-malzemesi-20961.webp\" class=\"attachment-large size-large\" alt=\"Keban Karbon ke\u00e7e zemin g\u00fc\u00e7lendirme malzemesi\" srcset=\"https:\/\/kolon-guclendirme.com\/elazig\/wp-content\/uploads\/sites\/43\/2023\/09\/Elezig-Yapi-karbon-guclendirme-malzemesi-20961.webp 853w, https:\/\/kolon-guclendirme.com\/elazig\/wp-content\/uploads\/sites\/43\/2023\/09\/Elezig-Yapi-karbon-guclendirme-malzemesi-20961-768x1080.webp 768w\" sizes=\"(max-width: 853px) 100vw, 853px\" \/><\/a>\n\t\t\t<\/div><\/figure><figure class='gallery-item'>\n\t\t\t<div class='gallery-icon portrait'>\n\t\t\t\t<a href='https:\/\/kolon-guclendirme.com\/elazig\/wp-content\/uploads\/sites\/43\/2023\/09\/Elezig-karbon-fiber-guclendirme-pozu-21495.webp'><img loading=\"lazy\" decoding=\"async\" width=\"853\" height=\"1200\" src=\"https:\/\/kolon-guclendirme.com\/elazig\/wp-content\/uploads\/sites\/43\/2023\/09\/Elezig-karbon-fiber-guclendirme-pozu-21495.webp\" class=\"attachment-large size-large\" alt=\"Keban Karbon ke\u00e7e zemin g\u00fc\u00e7lendirme malzemesi\" srcset=\"https:\/\/kolon-guclendirme.com\/elazig\/wp-content\/uploads\/sites\/43\/2023\/09\/Elezig-karbon-fiber-guclendirme-pozu-21495.webp 853w, https:\/\/kolon-guclendirme.com\/elazig\/wp-content\/uploads\/sites\/43\/2023\/09\/Elezig-karbon-fiber-guclendirme-pozu-21495-768x1080.webp 768w\" sizes=\"(max-width: 853px) 100vw, 853px\" \/><\/a>\n\t\t\t<\/div><\/figure>\n\t\t<\/div>\n<\/p>\n","protected":false},"excerpt":{"rendered":"<p>Elaz\u0131\u011f Keban Karbon ke\u00e7e zemin g\u00fc\u00e7lendirme malzemesi Keban&#8217;da Karbon Ke\u00e7e Zemin G\u00fc\u00e7lendirme Malzemesi: Zemin sa\u011flaml\u0131\u011f\u0131 i\u00e7in ideal bir \u00e7\u00f6z\u00fcm. Detaylar i\u00e7in blogumuza g\u00f6z at\u0131n!<\/p>\n","protected":false},"author":0,"featured_media":1628,"comment_status":"","ping_status":"open","sticky":false,"template":"","format":"standard","meta":{"footnotes":""},"categories":[154],"tags":[3,33,155,22,35],"_links":{"self":[{"href":"https:\/\/kolon-guclendirme.com\/elazig\/wp-json\/wp\/v2\/posts\/1813"}],"collection":[{"href":"https:\/\/kolon-guclendirme.com\/elazig\/wp-json\/wp\/v2\/posts"}],"about":[{"href":"https:\/\/kolon-guclendirme.com\/elazig\/wp-json\/wp\/v2\/types\/post"}],"replies":[{"embeddable":true,"href":"https:\/\/kolon-guclendirme.com\/elazig\/wp-json\/wp\/v2\/comments?post=1813"}],"version-history":[{"count":0,"href":"https:\/\/kolon-guclendirme.com\/elazig\/wp-json\/wp\/v2\/posts\/1813\/revisions"}],"wp:featuredmedia":[{"embeddable":true,"href":"https:\/\/kolon-guclendirme.com\/elazig\/wp-json\/wp\/v2\/media\/1628"}],"wp:attachment":[{"href":"https:\/\/kolon-guclendirme.com\/elazig\/wp-json\/wp\/v2\/media?parent=1813"}],"wp:term":[{"taxonomy":"category","embeddable":true,"href":"https:\/\/kolon-guclendirme.com\/elazig\/wp-json\/wp\/v2\/categories?post=1813"},{"taxonomy":"post_tag","embeddable":true,"href":"https:\/\/kolon-guclendirme.com\/elazig\/wp-json\/wp\/v2\/tags?post=1813"}],"curies":[{"name":"wp","href":"https:\/\/api.w.org\/{rel}","templated":true}]}}