{"id":87,"date":"2023-10-01T11:31:17","date_gmt":"2023-10-01T08:31:17","guid":{"rendered":"https:\/\/kolon-guclendirme.com\/edirne\/edirne-enez-zemin-karbon-elyaf-kaplama-fiyati-7137\/"},"modified":"2023-10-01T11:31:17","modified_gmt":"2023-10-01T08:31:17","slug":"edirne-enez-zemin-karbon-elyaf-kaplama-fiyati-7137","status":"publish","type":"post","link":"https:\/\/kolon-guclendirme.com\/edirne\/edirne-enez-zemin-karbon-elyaf-kaplama-fiyati-7137\/","title":{"rendered":"Edirne Enez Zemin karbon elyaf kaplama fiyat\u0131"},"content":{"rendered":"<p>Edirne Enez Zemin karbon elyaf kaplama fiyat\u0131 7137 Lalapa\u015fa Karbon fiber epoksi g\u00fc\u00e7lendirme sistemleri 3378, S\u00fclo\u011flu Yap\u0131 karbon ke\u00e7e g\u00fc\u00e7lendirme yapanlar 6914, Uzunk\u00f6pr\u00fc Carbon fiber zemin g\u00fc\u00e7lendirme firmalar\u0131 2698, Ke\u015fan Frp elyaf kiri\u015f g\u00fc\u00e7lendirme firmas\u0131 4135, Uzunk\u00f6pr\u00fc Carbon fiber teras g\u00fc\u00e7lendirme malzemesi 5371, Ke\u015fan Karbon lif epoksi kaplama maliyeti 5030 Edirne ve ipsala de Hizmet vermekteyiz Karbon Fiber Kolon Kiri\u015f G\u00fc\u00e7lendirme i\u015flerinizde En uygun Fiyat Kaliteli i\u015f\u00e7ilik i\u00e7in 7\/24 Saat Firmam\u0131z ile ileti\u015fime Ge\u00e7ebilirsiniz www.arckarbonguclendirme.com +905427483855<\/p>\n<p>        <!-- \/wp:paragraph --><\/p>\n<div id='gallery-1' class='gallery galleryid-87 gallery-columns-2 gallery-size-large'><figure class='gallery-item'>\n\t\t\t<div class='gallery-icon portrait'>\n\t\t\t\t<a href='https:\/\/kolon-guclendirme.com\/edirne\/wp-content\/uploads\/sites\/42\/2023\/09\/Edirne-6-katli-ev-karbon-guclendirme-maliyeti-57294.webp'><img loading=\"lazy\" decoding=\"async\" width=\"853\" height=\"1200\" src=\"https:\/\/kolon-guclendirme.com\/edirne\/wp-content\/uploads\/sites\/42\/2023\/09\/Edirne-6-katli-ev-karbon-guclendirme-maliyeti-57294.webp\" class=\"attachment-large size-large\" alt=\"\" srcset=\"https:\/\/kolon-guclendirme.com\/edirne\/wp-content\/uploads\/sites\/42\/2023\/09\/Edirne-6-katli-ev-karbon-guclendirme-maliyeti-57294.webp 853w, https:\/\/kolon-guclendirme.com\/edirne\/wp-content\/uploads\/sites\/42\/2023\/09\/Edirne-6-katli-ev-karbon-guclendirme-maliyeti-57294-768x1080.webp 768w\" sizes=\"(max-width: 853px) 100vw, 853px\" \/><\/a>\n\t\t\t<\/div><\/figure><figure class='gallery-item'>\n\t\t\t<div class='gallery-icon portrait'>\n\t\t\t\t<a href='https:\/\/kolon-guclendirme.com\/edirne\/wp-content\/uploads\/sites\/42\/2023\/09\/Edirne-karbon-fiber-guclendirme-firmalari-55088.webp'><img loading=\"lazy\" decoding=\"async\" width=\"853\" height=\"1200\" src=\"https:\/\/kolon-guclendirme.com\/edirne\/wp-content\/uploads\/sites\/42\/2023\/09\/Edirne-karbon-fiber-guclendirme-firmalari-55088.webp\" class=\"attachment-large size-large\" alt=\"S\u00fclo\u011flu Carbon elyaf kiri\u015f kaplama firmas\u0131\" srcset=\"https:\/\/kolon-guclendirme.com\/edirne\/wp-content\/uploads\/sites\/42\/2023\/09\/Edirne-karbon-fiber-guclendirme-firmalari-55088.webp 853w, https:\/\/kolon-guclendirme.com\/edirne\/wp-content\/uploads\/sites\/42\/2023\/09\/Edirne-karbon-fiber-guclendirme-firmalari-55088-768x1080.webp 768w\" sizes=\"(max-width: 853px) 100vw, 853px\" \/><\/a>\n\t\t\t<\/div><\/figure>\n\t\t<\/div>\n\n","protected":false},"excerpt":{"rendered":"<p>Edirne Enez Zemin karbon elyaf kaplama fiyat\u0131 7137 Lalapa\u015fa Karbon fiber epoksi g\u00fc\u00e7lendirme sistemleri 3378, S\u00fclo\u011flu Yap\u0131 karbon ke\u00e7e g\u00fc\u00e7lendirme yapanlar 6914, Uzunk\u00f6pr\u00fc Carbon fiber zemin g\u00fc\u00e7lendirme firmalar\u0131 2698, Ke\u015fan &#8230;<\/p>\n","protected":false},"author":1,"featured_media":1506,"comment_status":"open","ping_status":"open","sticky":false,"template":"","format":"standard","meta":{"footnotes":""},"categories":[1],"tags":[16,4,10,3],"_links":{"self":[{"href":"https:\/\/kolon-guclendirme.com\/edirne\/wp-json\/wp\/v2\/posts\/87"}],"collection":[{"href":"https:\/\/kolon-guclendirme.com\/edirne\/wp-json\/wp\/v2\/posts"}],"about":[{"href":"https:\/\/kolon-guclendirme.com\/edirne\/wp-json\/wp\/v2\/types\/post"}],"author":[{"embeddable":true,"href":"https:\/\/kolon-guclendirme.com\/edirne\/wp-json\/wp\/v2\/users\/1"}],"replies":[{"embeddable":true,"href":"https:\/\/kolon-guclendirme.com\/edirne\/wp-json\/wp\/v2\/comments?post=87"}],"version-history":[{"count":1,"href":"https:\/\/kolon-guclendirme.com\/edirne\/wp-json\/wp\/v2\/posts\/87\/revisions"}],"predecessor-version":[{"id":1742,"href":"https:\/\/kolon-guclendirme.com\/edirne\/wp-json\/wp\/v2\/posts\/87\/revisions\/1742"}],"wp:featuredmedia":[{"embeddable":true,"href":"https:\/\/kolon-guclendirme.com\/edirne\/wp-json\/wp\/v2\/media\/1506"}],"wp:attachment":[{"href":"https:\/\/kolon-guclendirme.com\/edirne\/wp-json\/wp\/v2\/media?parent=87"}],"wp:term":[{"taxonomy":"category","embeddable":true,"href":"https:\/\/kolon-guclendirme.com\/edirne\/wp-json\/wp\/v2\/categories?post=87"},{"taxonomy":"post_tag","embeddable":true,"href":"https:\/\/kolon-guclendirme.com\/edirne\/wp-json\/wp\/v2\/tags?post=87"}],"curies":[{"name":"wp","href":"https:\/\/api.w.org\/{rel}","templated":true}]}}