{"id":63,"date":"2023-10-01T11:31:23","date_gmt":"2023-10-01T08:31:23","guid":{"rendered":"https:\/\/kolon-guclendirme.com\/edirne\/edirne-uzunkopru-bina-guclendirme-ne-kadar-surer-2769\/"},"modified":"2023-10-01T11:31:24","modified_gmt":"2023-10-01T08:31:24","slug":"edirne-uzunkopru-bina-guclendirme-ne-kadar-surer-2769","status":"publish","type":"post","link":"https:\/\/kolon-guclendirme.com\/edirne\/edirne-uzunkopru-bina-guclendirme-ne-kadar-surer-2769\/","title":{"rendered":"Edirne Uzunk\u00f6pr\u00fc Bina g\u00fc\u00e7lendirme ne kadar s\u00fcrer"},"content":{"rendered":"<p>Edirne Uzunk\u00f6pr\u00fc Bina g\u00fc\u00e7lendirme ne kadar s\u00fcrer 2769 Uzunk\u00f6pr\u00fc Kolon g\u00fc\u00e7lendirme malzemeleri 7110, ipsala Kiri\u015f karbon kaplama ustas\u0131 3034, S\u00fclo\u011flu Karbon fiber balkon g\u00fc\u00e7lendirme firmalar\u0131 290, Ke\u015fan Kiri\u015f frp fiber g\u00fc\u00e7lendirme fiyat\u0131 2516, Lalapa\u015fa Teras frp ke\u00e7e g\u00fc\u00e7lendirme fiyatlar\u0131 3645, Uzunk\u00f6pr\u00fc Karbon kuma\u015f kolon g\u00fc\u00e7lendirme 1294 Edirne ve ipsala de Hizmet vermekteyiz Karbon Fiber Kolon Kiri\u015f G\u00fc\u00e7lendirme i\u015flerinizde En uygun Fiyat Kaliteli i\u015f\u00e7ilik i\u00e7in 7\/24 Saat Firmam\u0131z ile ileti\u015fime Ge\u00e7ebilirsiniz www.karbonguclendirme.com +905427483855<\/p>\n<p>        <!-- \/wp:paragraph --><\/p>\n<div id='gallery-1' class='gallery galleryid-63 gallery-columns-2 gallery-size-large'><figure class='gallery-item'>\n\t\t\t<div class='gallery-icon portrait'>\n\t\t\t\t<a href='https:\/\/kolon-guclendirme.com\/edirne\/wp-content\/uploads\/sites\/42\/2023\/09\/Edirne-Frp-kolon-guclendirme-ustasi-64034.webp'><img loading=\"lazy\" decoding=\"async\" width=\"853\" height=\"1200\" src=\"https:\/\/kolon-guclendirme.com\/edirne\/wp-content\/uploads\/sites\/42\/2023\/09\/Edirne-Frp-kolon-guclendirme-ustasi-64034.webp\" class=\"attachment-large size-large\" alt=\"\" srcset=\"https:\/\/kolon-guclendirme.com\/edirne\/wp-content\/uploads\/sites\/42\/2023\/09\/Edirne-Frp-kolon-guclendirme-ustasi-64034.webp 853w, https:\/\/kolon-guclendirme.com\/edirne\/wp-content\/uploads\/sites\/42\/2023\/09\/Edirne-Frp-kolon-guclendirme-ustasi-64034-768x1080.webp 768w\" sizes=\"(max-width: 853px) 100vw, 853px\" \/><\/a>\n\t\t\t<\/div><\/figure>\n\t\t<\/div>\n\n","protected":false},"excerpt":{"rendered":"<p>Edirne Uzunk\u00f6pr\u00fc Bina g\u00fc\u00e7lendirme ne kadar s\u00fcrer 2769 Uzunk\u00f6pr\u00fc Kolon g\u00fc\u00e7lendirme malzemeleri 7110, ipsala Kiri\u015f karbon kaplama ustas\u0131 3034, S\u00fclo\u011flu Karbon fiber balkon g\u00fc\u00e7lendirme firmalar\u0131 290, Ke\u015fan Kiri\u015f frp fiber &#8230;<\/p>\n","protected":false},"author":1,"featured_media":1611,"comment_status":"open","ping_status":"open","sticky":false,"template":"","format":"standard","meta":{"footnotes":""},"categories":[1],"tags":[25,4,3,47,58],"_links":{"self":[{"href":"https:\/\/kolon-guclendirme.com\/edirne\/wp-json\/wp\/v2\/posts\/63"}],"collection":[{"href":"https:\/\/kolon-guclendirme.com\/edirne\/wp-json\/wp\/v2\/posts"}],"about":[{"href":"https:\/\/kolon-guclendirme.com\/edirne\/wp-json\/wp\/v2\/types\/post"}],"author":[{"embeddable":true,"href":"https:\/\/kolon-guclendirme.com\/edirne\/wp-json\/wp\/v2\/users\/1"}],"replies":[{"embeddable":true,"href":"https:\/\/kolon-guclendirme.com\/edirne\/wp-json\/wp\/v2\/comments?post=63"}],"version-history":[{"count":1,"href":"https:\/\/kolon-guclendirme.com\/edirne\/wp-json\/wp\/v2\/posts\/63\/revisions"}],"predecessor-version":[{"id":1754,"href":"https:\/\/kolon-guclendirme.com\/edirne\/wp-json\/wp\/v2\/posts\/63\/revisions\/1754"}],"wp:featuredmedia":[{"embeddable":true,"href":"https:\/\/kolon-guclendirme.com\/edirne\/wp-json\/wp\/v2\/media\/1611"}],"wp:attachment":[{"href":"https:\/\/kolon-guclendirme.com\/edirne\/wp-json\/wp\/v2\/media?parent=63"}],"wp:term":[{"taxonomy":"category","embeddable":true,"href":"https:\/\/kolon-guclendirme.com\/edirne\/wp-json\/wp\/v2\/categories?post=63"},{"taxonomy":"post_tag","embeddable":true,"href":"https:\/\/kolon-guclendirme.com\/edirne\/wp-json\/wp\/v2\/tags?post=63"}],"curies":[{"name":"wp","href":"https:\/\/api.w.org\/{rel}","templated":true}]}}