{"id":362,"date":"2023-10-01T11:30:46","date_gmt":"2023-10-01T08:30:46","guid":{"rendered":"https:\/\/kolon-guclendirme.com\/edirne\/edirne-tavan-frp-fiber-kaplama-firmasi\/"},"modified":"2023-10-01T11:30:47","modified_gmt":"2023-10-01T08:30:47","slug":"edirne-tavan-frp-fiber-kaplama-firmasi","status":"publish","type":"post","link":"https:\/\/kolon-guclendirme.com\/edirne\/edirne-tavan-frp-fiber-kaplama-firmasi\/","title":{"rendered":"Edirne Tavan frp fiber kaplama firmas\u0131"},"content":{"rendered":"<p>Edirne Tavan frp fiber kaplama firmas\u0131 S\u00fclo\u011flu\u2019nda G\u00fcvenli Yap\u0131lar: Kiri\u015f Karbon G\u00fc\u00e7lendirme Sistemleri Edirne\u2019nin S\u00fclo\u011flu il\u00e7esindeki yap\u0131lar\u0131n\u0131z\u0131 kiri\u015f karbon g\u00fc\u00e7lendirme sistemleriyle yenileyin. Karbon fiber takviyeli polimerlerle yap\u0131lan bu g\u00fc\u00e7lendirme, binalar\u0131n\u0131z\u0131n dayan\u0131kl\u0131l\u0131\u011f\u0131n\u0131 art\u0131r\u0131r. Deprem ve y\u00fcklerle ba\u015fa \u00e7\u0131kmak i\u00e7in S\u00fclo\u011flu\u2019nda yap\u0131lar\u0131n\u0131z\u0131 koruyun. www.guclendirmefirmasi.com +905427483855 Instagram Facebook TikTok Twitter Medium LinkedIn Link Link Link Link Link Link<\/p>\n<p>        <!-- \/wp:paragraph --><\/p>\n<div id='gallery-1' class='gallery galleryid-362 gallery-columns-2 gallery-size-large'><figure class='gallery-item'>\n\t\t\t<div class='gallery-icon portrait'>\n\t\t\t\t<a href='https:\/\/kolon-guclendirme.com\/edirne\/wp-content\/uploads\/sites\/42\/2023\/09\/Edirne-Karbon-elyaf-yapi-guclendirme-malzemesi-75819.webp'><img loading=\"lazy\" decoding=\"async\" width=\"853\" height=\"1200\" src=\"https:\/\/kolon-guclendirme.com\/edirne\/wp-content\/uploads\/sites\/42\/2023\/09\/Edirne-Karbon-elyaf-yapi-guclendirme-malzemesi-75819.webp\" class=\"attachment-large size-large\" alt=\"\" srcset=\"https:\/\/kolon-guclendirme.com\/edirne\/wp-content\/uploads\/sites\/42\/2023\/09\/Edirne-Karbon-elyaf-yapi-guclendirme-malzemesi-75819.webp 853w, https:\/\/kolon-guclendirme.com\/edirne\/wp-content\/uploads\/sites\/42\/2023\/09\/Edirne-Karbon-elyaf-yapi-guclendirme-malzemesi-75819-768x1080.webp 768w\" sizes=\"(max-width: 853px) 100vw, 853px\" \/><\/a>\n\t\t\t<\/div><\/figure><figure class='gallery-item'>\n\t\t\t<div class='gallery-icon portrait'>\n\t\t\t\t<a href='https:\/\/kolon-guclendirme.com\/edirne\/wp-content\/uploads\/sites\/42\/2023\/09\/Edirne-Kiris-karbon-elyaf-kaplama-malzemesi-50891.webp'><img loading=\"lazy\" decoding=\"async\" width=\"853\" height=\"1200\" src=\"https:\/\/kolon-guclendirme.com\/edirne\/wp-content\/uploads\/sites\/42\/2023\/09\/Edirne-Kiris-karbon-elyaf-kaplama-malzemesi-50891.webp\" class=\"attachment-large size-large\" alt=\"Havsa Yap\u0131 karbon lif g\u00fc\u00e7lendirme sistemleri\" srcset=\"https:\/\/kolon-guclendirme.com\/edirne\/wp-content\/uploads\/sites\/42\/2023\/09\/Edirne-Kiris-karbon-elyaf-kaplama-malzemesi-50891.webp 853w, https:\/\/kolon-guclendirme.com\/edirne\/wp-content\/uploads\/sites\/42\/2023\/09\/Edirne-Kiris-karbon-elyaf-kaplama-malzemesi-50891-768x1080.webp 768w\" sizes=\"(max-width: 853px) 100vw, 853px\" \/><\/a>\n\t\t\t<\/div><\/figure>\n\t\t<\/div>\n\n","protected":false},"excerpt":{"rendered":"<p>Edirne Tavan frp fiber kaplama firmas\u0131 S\u00fclo\u011flu\u2019nda G\u00fcvenli Yap\u0131lar: Kiri\u015f Karbon G\u00fc\u00e7lendirme Sistemleri Edirne\u2019nin S\u00fclo\u011flu il\u00e7esindeki yap\u0131lar\u0131n\u0131z\u0131 kiri\u015f karbon g\u00fc\u00e7lendirme sistemleriyle yenileyin. Karbon fiber takviyeli polimerlerle yap\u0131lan bu g\u00fc\u00e7lendirme, binalar\u0131n\u0131z\u0131n &#8230;<\/p>\n","protected":false},"author":1,"featured_media":1558,"comment_status":"open","ping_status":"open","sticky":false,"template":"","format":"standard","meta":{"footnotes":""},"categories":[1],"tags":[20,32,10,28,15],"_links":{"self":[{"href":"https:\/\/kolon-guclendirme.com\/edirne\/wp-json\/wp\/v2\/posts\/362"}],"collection":[{"href":"https:\/\/kolon-guclendirme.com\/edirne\/wp-json\/wp\/v2\/posts"}],"about":[{"href":"https:\/\/kolon-guclendirme.com\/edirne\/wp-json\/wp\/v2\/types\/post"}],"author":[{"embeddable":true,"href":"https:\/\/kolon-guclendirme.com\/edirne\/wp-json\/wp\/v2\/users\/1"}],"replies":[{"embeddable":true,"href":"https:\/\/kolon-guclendirme.com\/edirne\/wp-json\/wp\/v2\/comments?post=362"}],"version-history":[{"count":1,"href":"https:\/\/kolon-guclendirme.com\/edirne\/wp-json\/wp\/v2\/posts\/362\/revisions"}],"predecessor-version":[{"id":1690,"href":"https:\/\/kolon-guclendirme.com\/edirne\/wp-json\/wp\/v2\/posts\/362\/revisions\/1690"}],"wp:featuredmedia":[{"embeddable":true,"href":"https:\/\/kolon-guclendirme.com\/edirne\/wp-json\/wp\/v2\/media\/1558"}],"wp:attachment":[{"href":"https:\/\/kolon-guclendirme.com\/edirne\/wp-json\/wp\/v2\/media?parent=362"}],"wp:term":[{"taxonomy":"category","embeddable":true,"href":"https:\/\/kolon-guclendirme.com\/edirne\/wp-json\/wp\/v2\/categories?post=362"},{"taxonomy":"post_tag","embeddable":true,"href":"https:\/\/kolon-guclendirme.com\/edirne\/wp-json\/wp\/v2\/tags?post=362"}],"curies":[{"name":"wp","href":"https:\/\/api.w.org\/{rel}","templated":true}]}}