{"id":284,"date":"2023-10-01T11:30:53","date_gmt":"2023-10-01T08:30:53","guid":{"rendered":"https:\/\/kolon-guclendirme.com\/edirne\/edirne-yapisal-deformasyonlar-icin-akilli-tuzak-sensorler\/"},"modified":"2023-10-01T11:30:54","modified_gmt":"2023-10-01T08:30:54","slug":"edirne-yapisal-deformasyonlar-icin-akilli-tuzak-sensorler","status":"publish","type":"post","link":"https:\/\/kolon-guclendirme.com\/edirne\/edirne-yapisal-deformasyonlar-icin-akilli-tuzak-sensorler\/","title":{"rendered":"Edirne Yap\u0131sal deformasyonlar i\u00e7in ak\u0131ll\u0131 tuzak sens\u00f6rler"},"content":{"rendered":"<p>Edirne Yap\u0131sal deformasyonlar i\u00e7in ak\u0131ll\u0131 tuzak sens\u00f6rler \u201cEdirne il\u00e7esindeki Meri\u00e7, tarihi ve k\u00fclt\u00fcrel \u00f6neme sahip bir b\u00f6lgedir. Buradaki 1 katl\u0131 binalar\u0131n g\u00fc\u00e7lendirilmesi ise b\u00fcy\u00fck \u00f6nem ta\u015f\u0131r. 1 katl\u0131 bina g\u00fc\u00e7lendirme fiyatlar\u0131, yap\u0131n\u0131n durumu, b\u00fcy\u00fckl\u00fc\u011f\u00fc ve kullan\u0131lacak y\u00f6nteme g\u00f6re de\u011fi\u015fiklik g\u00f6sterir. Blogumuzda, Meri\u00e7\u2019teki 1 katl\u0131 bina g\u00fc\u00e7lendirme fiyatlar\u0131 hakk\u0131nda daha fazla bilgi bulabilirsiniz!\u201d www.kolonkirisguclendirme.com +905427483855 Instagram Facebook TikTok Twitter Medium LinkedIn Link Link Link Link Link Link<\/p>\n<p>        <!-- \/wp:paragraph --><\/p>\n<div id='gallery-1' class='gallery galleryid-284 gallery-columns-2 gallery-size-large'><figure class='gallery-item'>\n\t\t\t<div class='gallery-icon portrait'>\n\t\t\t\t<a href='https:\/\/kolon-guclendirme.com\/edirne\/wp-content\/uploads\/sites\/42\/2023\/09\/Edirne-karbon-fiber-guclendirme-yorumlari-89046.webp'><img loading=\"lazy\" decoding=\"async\" width=\"853\" height=\"1200\" src=\"https:\/\/kolon-guclendirme.com\/edirne\/wp-content\/uploads\/sites\/42\/2023\/09\/Edirne-karbon-fiber-guclendirme-yorumlari-89046.webp\" class=\"attachment-large size-large\" alt=\"\" srcset=\"https:\/\/kolon-guclendirme.com\/edirne\/wp-content\/uploads\/sites\/42\/2023\/09\/Edirne-karbon-fiber-guclendirme-yorumlari-89046.webp 853w, https:\/\/kolon-guclendirme.com\/edirne\/wp-content\/uploads\/sites\/42\/2023\/09\/Edirne-karbon-fiber-guclendirme-yorumlari-89046-768x1080.webp 768w\" sizes=\"(max-width: 853px) 100vw, 853px\" \/><\/a>\n\t\t\t<\/div><\/figure><figure class='gallery-item'>\n\t\t\t<div class='gallery-icon portrait'>\n\t\t\t\t<a href='https:\/\/kolon-guclendirme.com\/edirne\/wp-content\/uploads\/sites\/42\/2023\/09\/Edirne-6-katli-ev-karbon-guclendirme-maliyeti-57294.webp'><img loading=\"lazy\" decoding=\"async\" width=\"853\" height=\"1200\" src=\"https:\/\/kolon-guclendirme.com\/edirne\/wp-content\/uploads\/sites\/42\/2023\/09\/Edirne-6-katli-ev-karbon-guclendirme-maliyeti-57294.webp\" class=\"attachment-large size-large\" alt=\"\" srcset=\"https:\/\/kolon-guclendirme.com\/edirne\/wp-content\/uploads\/sites\/42\/2023\/09\/Edirne-6-katli-ev-karbon-guclendirme-maliyeti-57294.webp 853w, https:\/\/kolon-guclendirme.com\/edirne\/wp-content\/uploads\/sites\/42\/2023\/09\/Edirne-6-katli-ev-karbon-guclendirme-maliyeti-57294-768x1080.webp 768w\" sizes=\"(max-width: 853px) 100vw, 853px\" \/><\/a>\n\t\t\t<\/div><\/figure>\n\t\t<\/div>\n\n","protected":false},"excerpt":{"rendered":"<p>Edirne Yap\u0131sal deformasyonlar i\u00e7in ak\u0131ll\u0131 tuzak sens\u00f6rler \u201cEdirne il\u00e7esindeki Meri\u00e7, tarihi ve k\u00fclt\u00fcrel \u00f6neme sahip bir b\u00f6lgedir. Buradaki 1 katl\u0131 binalar\u0131n g\u00fc\u00e7lendirilmesi ise b\u00fcy\u00fck \u00f6nem ta\u015f\u0131r. 1 katl\u0131 bina g\u00fc\u00e7lendirme &#8230;<\/p>\n","protected":false},"author":1,"featured_media":1599,"comment_status":"open","ping_status":"open","sticky":false,"template":"","format":"standard","meta":{"footnotes":""},"categories":[1],"tags":[55,54,22,56,53],"_links":{"self":[{"href":"https:\/\/kolon-guclendirme.com\/edirne\/wp-json\/wp\/v2\/posts\/284"}],"collection":[{"href":"https:\/\/kolon-guclendirme.com\/edirne\/wp-json\/wp\/v2\/posts"}],"about":[{"href":"https:\/\/kolon-guclendirme.com\/edirne\/wp-json\/wp\/v2\/types\/post"}],"author":[{"embeddable":true,"href":"https:\/\/kolon-guclendirme.com\/edirne\/wp-json\/wp\/v2\/users\/1"}],"replies":[{"embeddable":true,"href":"https:\/\/kolon-guclendirme.com\/edirne\/wp-json\/wp\/v2\/comments?post=284"}],"version-history":[{"count":1,"href":"https:\/\/kolon-guclendirme.com\/edirne\/wp-json\/wp\/v2\/posts\/284\/revisions"}],"predecessor-version":[{"id":1703,"href":"https:\/\/kolon-guclendirme.com\/edirne\/wp-json\/wp\/v2\/posts\/284\/revisions\/1703"}],"wp:featuredmedia":[{"embeddable":true,"href":"https:\/\/kolon-guclendirme.com\/edirne\/wp-json\/wp\/v2\/media\/1599"}],"wp:attachment":[{"href":"https:\/\/kolon-guclendirme.com\/edirne\/wp-json\/wp\/v2\/media?parent=284"}],"wp:term":[{"taxonomy":"category","embeddable":true,"href":"https:\/\/kolon-guclendirme.com\/edirne\/wp-json\/wp\/v2\/categories?post=284"},{"taxonomy":"post_tag","embeddable":true,"href":"https:\/\/kolon-guclendirme.com\/edirne\/wp-json\/wp\/v2\/tags?post=284"}],"curies":[{"name":"wp","href":"https:\/\/api.w.org\/{rel}","templated":true}]}}