{"id":1828,"date":"2023-11-20T02:40:14","date_gmt":"2023-11-19T23:40:14","guid":{"rendered":"https:\/\/kolon-guclendirme.com\/edirne\/kesan-zemin-frp-elyaf-kaplama-maliyeti\/"},"modified":"2023-11-20T02:40:14","modified_gmt":"2023-11-19T23:40:14","slug":"kesan-zemin-frp-elyaf-kaplama-maliyeti","status":"publish","type":"post","link":"https:\/\/kolon-guclendirme.com\/edirne\/kesan-zemin-frp-elyaf-kaplama-maliyeti\/","title":{"rendered":"Ke\u015fan Zemin frp elyaf kaplama maliyeti"},"content":{"rendered":"<h1>Edirne Ke\u015fan Zemin frp elyaf kaplama maliyeti<\/h1>\n<p>&#8220;Ke\u015fan&#8217;da Zemin FRP Elyaf Kaplama Maliyeti: Dayan\u0131kl\u0131l\u0131\u011f\u0131n Estetikle Bulu\u015fmas\u0131<\/p>\n<p>Ke\u015fan il\u00e7esi, tarihi dokusu ve do\u011fal g\u00fczellikleriyle bilinen bir b\u00f6lgedir. Ancak, zaman i\u00e7inde zeminlerdeki a\u015f\u0131nma ve y\u0131pranma ka\u00e7\u0131n\u0131lmaz olabilir. Zeminlerin dayan\u0131kl\u0131l\u0131\u011f\u0131n\u0131 art\u0131rmak ve estetik bir g\u00f6r\u00fcn\u00fcm elde etmek i\u00e7in Zemin FRP Elyaf Kaplama \u00e7\u00f6z\u00fcm\u00fc \u00f6n plana \u00e7\u0131kar.<\/p>\n<p>Bu modern kaplama y\u00f6ntemi, elyaf takviyeli plastik malzemelerle zeminleri g\u00fc\u00e7lendirir ve uzun \u00f6m\u00fcrl\u00fc bir \u00e7\u00f6z\u00fcm sunar. Ke\u015fan&#8217;daki bir\u00e7ok i\u015fletme ve ev sahibi, bu teknolojiyi tercih ederek zeminlerindeki kaliteyi y\u00fckseltiyor.<\/p>\n<p>Zemin FRP Elyaf Kaplama maliyetleri, uygulanacak alan\u0131n b\u00fcy\u00fckl\u00fc\u011f\u00fc, zeminin durumu ve se\u00e7ilen malzeme kalitesine ba\u011fl\u0131 olarak de\u011fi\u015febilir. Ortalama olarak, metrekare ba\u015f\u0131na d\u00fc\u015fen maliyet b\u00fct\u00e7e dostu se\u00e7enekler sunar.<\/p>\n<p>Ke\u015fan&#8217;da zemin kaplama projeniz i\u00e7in uzman ekibimiz, uygun fiyatlarla kaliteli bir hizmet sunmaktad\u0131r. Dayan\u0131kl\u0131l\u0131\u011f\u0131, estetikle birle\u015ftiren Zemin FRP Elyaf Kaplama ile ya\u015fam alanlar\u0131n\u0131za uzun \u00f6m\u00fcrl\u00fc \u00e7\u00f6z\u00fcmler getirin. Detaylar i\u00e7in bize ula\u015f\u0131n!&#8221;<div id='gallery-1' class='gallery galleryid-1828 gallery-columns-2 gallery-size-large'><figure class='gallery-item'>\n\t\t\t<div class='gallery-icon portrait'>\n\t\t\t\t<a href='https:\/\/kolon-guclendirme.com\/edirne\/wp-content\/uploads\/sites\/42\/2023\/09\/Edirne-Carbon-fiber-teras-guclendirme-maliyeti-71412.webp'><img loading=\"lazy\" decoding=\"async\" width=\"853\" height=\"1200\" src=\"https:\/\/kolon-guclendirme.com\/edirne\/wp-content\/uploads\/sites\/42\/2023\/09\/Edirne-Carbon-fiber-teras-guclendirme-maliyeti-71412.webp\" class=\"attachment-large size-large\" alt=\"Ke\u015fan Zemin frp elyaf kaplama maliyeti\" srcset=\"https:\/\/kolon-guclendirme.com\/edirne\/wp-content\/uploads\/sites\/42\/2023\/09\/Edirne-Carbon-fiber-teras-guclendirme-maliyeti-71412.webp 853w, https:\/\/kolon-guclendirme.com\/edirne\/wp-content\/uploads\/sites\/42\/2023\/09\/Edirne-Carbon-fiber-teras-guclendirme-maliyeti-71412-768x1080.webp 768w\" sizes=\"(max-width: 853px) 100vw, 853px\" \/><\/a>\n\t\t\t<\/div><\/figure><figure class='gallery-item'>\n\t\t\t<div class='gallery-icon portrait'>\n\t\t\t\t<a href='https:\/\/kolon-guclendirme.com\/edirne\/wp-content\/uploads\/sites\/42\/2023\/09\/Edirne-Karbon-fiber-guclendirme-her-binaya-yapilir-mi-53577.webp'><img loading=\"lazy\" decoding=\"async\" width=\"853\" height=\"1200\" src=\"https:\/\/kolon-guclendirme.com\/edirne\/wp-content\/uploads\/sites\/42\/2023\/09\/Edirne-Karbon-fiber-guclendirme-her-binaya-yapilir-mi-53577.webp\" class=\"attachment-large size-large\" alt=\"Ke\u015fan Zemin frp elyaf kaplama maliyeti\" srcset=\"https:\/\/kolon-guclendirme.com\/edirne\/wp-content\/uploads\/sites\/42\/2023\/09\/Edirne-Karbon-fiber-guclendirme-her-binaya-yapilir-mi-53577.webp 853w, https:\/\/kolon-guclendirme.com\/edirne\/wp-content\/uploads\/sites\/42\/2023\/09\/Edirne-Karbon-fiber-guclendirme-her-binaya-yapilir-mi-53577-768x1080.webp 768w\" sizes=\"(max-width: 853px) 100vw, 853px\" \/><\/a>\n\t\t\t<\/div><\/figure>\n\t\t<\/div>\n<\/p>\n","protected":false},"excerpt":{"rendered":"<p>Edirne Ke\u015fan Zemin frp elyaf kaplama maliyeti &#8220;Ke\u015fan&#8217;da Zemin FRP Elyaf Kaplama Maliyeti: Dayan\u0131kl\u0131l\u0131\u011f\u0131n Estetikle Bulu\u015fmas\u0131 Ke\u015fan il\u00e7esi, tarihi dokusu ve do\u011fal g\u00fczellikleriyle bilinen bir b\u00f6lgedir. Ancak, zaman i\u00e7inde zeminlerdeki &#8230;<\/p>\n","protected":false},"author":0,"featured_media":1546,"comment_status":"","ping_status":"open","sticky":false,"template":"","format":"standard","meta":{"footnotes":""},"categories":[147],"tags":[16,10,38],"_links":{"self":[{"href":"https:\/\/kolon-guclendirme.com\/edirne\/wp-json\/wp\/v2\/posts\/1828"}],"collection":[{"href":"https:\/\/kolon-guclendirme.com\/edirne\/wp-json\/wp\/v2\/posts"}],"about":[{"href":"https:\/\/kolon-guclendirme.com\/edirne\/wp-json\/wp\/v2\/types\/post"}],"replies":[{"embeddable":true,"href":"https:\/\/kolon-guclendirme.com\/edirne\/wp-json\/wp\/v2\/comments?post=1828"}],"version-history":[{"count":0,"href":"https:\/\/kolon-guclendirme.com\/edirne\/wp-json\/wp\/v2\/posts\/1828\/revisions"}],"wp:featuredmedia":[{"embeddable":true,"href":"https:\/\/kolon-guclendirme.com\/edirne\/wp-json\/wp\/v2\/media\/1546"}],"wp:attachment":[{"href":"https:\/\/kolon-guclendirme.com\/edirne\/wp-json\/wp\/v2\/media?parent=1828"}],"wp:term":[{"taxonomy":"category","embeddable":true,"href":"https:\/\/kolon-guclendirme.com\/edirne\/wp-json\/wp\/v2\/categories?post=1828"},{"taxonomy":"post_tag","embeddable":true,"href":"https:\/\/kolon-guclendirme.com\/edirne\/wp-json\/wp\/v2\/tags?post=1828"}],"curies":[{"name":"wp","href":"https:\/\/api.w.org\/{rel}","templated":true}]}}