{"id":1809,"date":"2023-10-14T02:40:09","date_gmt":"2023-10-13T23:40:09","guid":{"rendered":"https:\/\/kolon-guclendirme.com\/edirne\/enez-bina-frp-kece-kaplama-yapanlar\/"},"modified":"2023-10-14T02:40:09","modified_gmt":"2023-10-13T23:40:09","slug":"enez-bina-frp-kece-kaplama-yapanlar","status":"publish","type":"post","link":"https:\/\/kolon-guclendirme.com\/edirne\/enez-bina-frp-kece-kaplama-yapanlar\/","title":{"rendered":"Enez Bina frp ke\u00e7e kaplama yapanlar"},"content":{"rendered":"<h1>Edirne Enez Bina frp ke\u00e7e kaplama yapanlar<\/h1>\n<p>**Ba\u015fl\u0131k: Enez&#8217;de Bina FRP Ke\u00e7e Kaplama Hizmeti**<\/p>\n<p>Enez il\u00e7esi, tarihi zenginlikleri ve do\u011fal g\u00fczellikleriyle bilinen bir nokta. Bu b\u00f6lgede in\u015fa edilen binalar\u0131n dayan\u0131kl\u0131l\u0131\u011f\u0131, iklim ko\u015fullar\u0131na uygunlu\u011fu b\u00fcy\u00fck \u00f6nem ta\u015f\u0131r. Bina kaplamalar\u0131nda ise FRP ke\u00e7e, sa\u011flaml\u0131\u011f\u0131 ve uzun \u00f6m\u00fcrl\u00fc kullan\u0131m\u0131yla \u00f6ne \u00e7\u0131k\u0131yor.<\/p>\n<p>Enez&#8217;de bina sahipleri i\u00e7in \u00f6nemli bir hizmet sunan profesyonel ekipler, binan\u0131n \u00e7at\u0131s\u0131ndan duvarlar\u0131na kadar FRP ke\u00e7e kaplama i\u015flemlerini titizlikle ger\u00e7ekle\u015ftiriyor. Bu \u00f6zel kaplama, fiberglas takviyeli polimerin sa\u011flad\u0131\u011f\u0131 dayan\u0131kl\u0131l\u0131\u011f\u0131 ve hafifli\u011fi bir araya getirerek binan\u0131n uzun vadeli korunmas\u0131n\u0131 sa\u011flar.<\/p>\n<p>Enez&#8217;in iklim ko\u015fullar\u0131, deniz etkisi ve g\u00fcne\u015fin yo\u011funlu\u011fu gibi fakt\u00f6rlere kar\u015f\u0131 dayan\u0131kl\u0131 olan FRP ke\u00e7e kaplama, su ge\u00e7irmez \u00f6zellikleriyle binalar\u0131 nem ve \u00e7\u00fcr\u00fcmeden korur. Ayr\u0131ca, hava ko\u015fullar\u0131na kar\u015f\u0131 diren\u00e7li olmas\u0131, bina sahiplerine uzun vadeli bir \u00e7\u00f6z\u00fcm sunar.<\/p>\n<p>Enez&#8217;de bina sahipleri, uzman ekiplerin sundu\u011fu FRP ke\u00e7e kaplama hizmetleriyle binalar\u0131n\u0131 g\u00fcvenle koruyabilirler. Dayan\u0131kl\u0131l\u0131\u011f\u0131 ve uzun \u00f6m\u00fcrl\u00fc kullan\u0131m avantajlar\u0131yla FRP ke\u00e7e kaplama, Enez&#8217;deki yap\u0131lar\u0131n kalitesini art\u0131r\u0131rken, bak\u0131m maliyetlerini de d\u00fc\u015f\u00fcr\u00fcyor. Bu nedenle, bina sahipleri Enez&#8217;deki uzman ekiplerle ileti\u015fime ge\u00e7erek binalar\u0131n\u0131 FRP ke\u00e7e kaplama ile koruma f\u0131rsat\u0131n\u0131 de\u011ferlendirebilirler.<div id='gallery-1' class='gallery galleryid-1809 gallery-columns-2 gallery-size-large'><figure class='gallery-item'>\n\t\t\t<div class='gallery-icon portrait'>\n\t\t\t\t<a href='https:\/\/kolon-guclendirme.com\/edirne\/wp-content\/uploads\/sites\/42\/2023\/09\/Edirne-Tavan-karbon-kece-guclendirme-fiyati-59803.webp'><img loading=\"lazy\" decoding=\"async\" width=\"853\" height=\"1200\" src=\"https:\/\/kolon-guclendirme.com\/edirne\/wp-content\/uploads\/sites\/42\/2023\/09\/Edirne-Tavan-karbon-kece-guclendirme-fiyati-59803.webp\" class=\"attachment-large size-large\" alt=\"Enez Bina frp ke\u00e7e kaplama yapanlar\" srcset=\"https:\/\/kolon-guclendirme.com\/edirne\/wp-content\/uploads\/sites\/42\/2023\/09\/Edirne-Tavan-karbon-kece-guclendirme-fiyati-59803.webp 853w, https:\/\/kolon-guclendirme.com\/edirne\/wp-content\/uploads\/sites\/42\/2023\/09\/Edirne-Tavan-karbon-kece-guclendirme-fiyati-59803-768x1080.webp 768w\" sizes=\"(max-width: 853px) 100vw, 853px\" \/><\/a>\n\t\t\t<\/div><\/figure><figure class='gallery-item'>\n\t\t\t<div class='gallery-icon portrait'>\n\t\t\t\t<a href='https:\/\/kolon-guclendirme.com\/edirne\/wp-content\/uploads\/sites\/42\/2023\/09\/Edirne-Teras-karbon-elyaf-guclendirme-malzemesi-79733.webp'><img loading=\"lazy\" decoding=\"async\" width=\"853\" height=\"1200\" src=\"https:\/\/kolon-guclendirme.com\/edirne\/wp-content\/uploads\/sites\/42\/2023\/09\/Edirne-Teras-karbon-elyaf-guclendirme-malzemesi-79733.webp\" class=\"attachment-large size-large\" alt=\"Enez Bina frp ke\u00e7e kaplama yapanlar\" srcset=\"https:\/\/kolon-guclendirme.com\/edirne\/wp-content\/uploads\/sites\/42\/2023\/09\/Edirne-Teras-karbon-elyaf-guclendirme-malzemesi-79733.webp 853w, https:\/\/kolon-guclendirme.com\/edirne\/wp-content\/uploads\/sites\/42\/2023\/09\/Edirne-Teras-karbon-elyaf-guclendirme-malzemesi-79733-768x1080.webp 768w\" sizes=\"(max-width: 853px) 100vw, 853px\" \/><\/a>\n\t\t\t<\/div><\/figure>\n\t\t<\/div>\n<\/p>\n","protected":false},"excerpt":{"rendered":"<p>Edirne Enez Bina frp ke\u00e7e kaplama yapanlar **Ba\u015fl\u0131k: Enez&#8217;de Bina FRP Ke\u00e7e Kaplama Hizmeti** Enez il\u00e7esi, tarihi zenginlikleri ve do\u011fal g\u00fczellikleriyle bilinen bir nokta. Bu b\u00f6lgede in\u015fa edilen binalar\u0131n dayan\u0131kl\u0131l\u0131\u011f\u0131, &#8230;<\/p>\n","protected":false},"author":0,"featured_media":1611,"comment_status":"","ping_status":"open","sticky":false,"template":"","format":"standard","meta":{"footnotes":""},"categories":[126],"tags":[25,10,5,89],"_links":{"self":[{"href":"https:\/\/kolon-guclendirme.com\/edirne\/wp-json\/wp\/v2\/posts\/1809"}],"collection":[{"href":"https:\/\/kolon-guclendirme.com\/edirne\/wp-json\/wp\/v2\/posts"}],"about":[{"href":"https:\/\/kolon-guclendirme.com\/edirne\/wp-json\/wp\/v2\/types\/post"}],"replies":[{"embeddable":true,"href":"https:\/\/kolon-guclendirme.com\/edirne\/wp-json\/wp\/v2\/comments?post=1809"}],"version-history":[{"count":0,"href":"https:\/\/kolon-guclendirme.com\/edirne\/wp-json\/wp\/v2\/posts\/1809\/revisions"}],"wp:featuredmedia":[{"embeddable":true,"href":"https:\/\/kolon-guclendirme.com\/edirne\/wp-json\/wp\/v2\/media\/1611"}],"wp:attachment":[{"href":"https:\/\/kolon-guclendirme.com\/edirne\/wp-json\/wp\/v2\/media?parent=1809"}],"wp:term":[{"taxonomy":"category","embeddable":true,"href":"https:\/\/kolon-guclendirme.com\/edirne\/wp-json\/wp\/v2\/categories?post=1809"},{"taxonomy":"post_tag","embeddable":true,"href":"https:\/\/kolon-guclendirme.com\/edirne\/wp-json\/wp\/v2\/tags?post=1809"}],"curies":[{"name":"wp","href":"https:\/\/api.w.org\/{rel}","templated":true}]}}