{"id":146,"date":"2023-10-01T11:31:08","date_gmt":"2023-10-01T08:31:08","guid":{"rendered":"https:\/\/kolon-guclendirme.com\/edirne\/edirne-karbon-fiber-epoksi-kaplama-maliyeti\/"},"modified":"2023-10-01T11:31:08","modified_gmt":"2023-10-01T08:31:08","slug":"edirne-karbon-fiber-epoksi-kaplama-maliyeti","status":"publish","type":"post","link":"https:\/\/kolon-guclendirme.com\/edirne\/edirne-karbon-fiber-epoksi-kaplama-maliyeti\/","title":{"rendered":"Edirne Karbon fiber epoksi kaplama maliyeti"},"content":{"rendered":"<p>Edirne\u2019de karbon fiber epoksi kaplama, \u00e7ok kaliteli ve sa\u011flam bir kaplama malzemesidir. Bu malzeme, karbon fiber epoksi ile \u00fcretilir ve \u00e7ok dayan\u0131kl\u0131d\u0131r. Edirne\u2019deki maliyeti, kullan\u0131lan malzemelerin kalitesine ve i\u015f\u00e7ilik maliyetine ba\u011fl\u0131 olarak de\u011fi\u015fmektedir. Fiyatlar, malzemenin kalitesi, i\u015f\u00e7ilik maliyeti ve karbon fiber epoksi kaplama i\u015flemlerinin zorluk seviyesine g\u00f6re de\u011fi\u015febilir. Edirne\u2019deki karbon fiber epoksi kaplama maliyeti, arac\u0131n\u0131z\u0131n boyutlar\u0131na ve \u00f6zelliklerine g\u00f6re de\u011fi\u015febilir.<\/p>\n<p>        <!-- \/wp:paragraph --><\/p>\n<div id='gallery-1' class='gallery galleryid-146 gallery-columns-2 gallery-size-large'><figure class='gallery-item'>\n\t\t\t<div class='gallery-icon portrait'>\n\t\t\t\t<a href='https:\/\/kolon-guclendirme.com\/edirne\/wp-content\/uploads\/sites\/42\/2023\/09\/Edirne-Tavan-karbon-kece-guclendirme-fiyati-59803.webp'><img loading=\"lazy\" decoding=\"async\" width=\"853\" height=\"1200\" src=\"https:\/\/kolon-guclendirme.com\/edirne\/wp-content\/uploads\/sites\/42\/2023\/09\/Edirne-Tavan-karbon-kece-guclendirme-fiyati-59803.webp\" class=\"attachment-large size-large\" alt=\"Enez Bina frp ke\u00e7e kaplama yapanlar\" srcset=\"https:\/\/kolon-guclendirme.com\/edirne\/wp-content\/uploads\/sites\/42\/2023\/09\/Edirne-Tavan-karbon-kece-guclendirme-fiyati-59803.webp 853w, https:\/\/kolon-guclendirme.com\/edirne\/wp-content\/uploads\/sites\/42\/2023\/09\/Edirne-Tavan-karbon-kece-guclendirme-fiyati-59803-768x1080.webp 768w\" sizes=\"(max-width: 853px) 100vw, 853px\" \/><\/a>\n\t\t\t<\/div><\/figure><figure class='gallery-item'>\n\t\t\t<div class='gallery-icon portrait'>\n\t\t\t\t<a href='https:\/\/kolon-guclendirme.com\/edirne\/wp-content\/uploads\/sites\/42\/2023\/09\/Edirne-karbon-fiber-guclendirme-firmalari-55088.webp'><img loading=\"lazy\" decoding=\"async\" width=\"853\" height=\"1200\" src=\"https:\/\/kolon-guclendirme.com\/edirne\/wp-content\/uploads\/sites\/42\/2023\/09\/Edirne-karbon-fiber-guclendirme-firmalari-55088.webp\" class=\"attachment-large size-large\" alt=\"S\u00fclo\u011flu Carbon elyaf kiri\u015f kaplama firmas\u0131\" srcset=\"https:\/\/kolon-guclendirme.com\/edirne\/wp-content\/uploads\/sites\/42\/2023\/09\/Edirne-karbon-fiber-guclendirme-firmalari-55088.webp 853w, https:\/\/kolon-guclendirme.com\/edirne\/wp-content\/uploads\/sites\/42\/2023\/09\/Edirne-karbon-fiber-guclendirme-firmalari-55088-768x1080.webp 768w\" sizes=\"(max-width: 853px) 100vw, 853px\" \/><\/a>\n\t\t\t<\/div><\/figure>\n\t\t<\/div>\n\n","protected":false},"excerpt":{"rendered":"<p>Edirne\u2019de karbon fiber epoksi kaplama, \u00e7ok kaliteli ve sa\u011flam bir kaplama malzemesidir. Bu malzeme, karbon fiber epoksi ile \u00fcretilir ve \u00e7ok dayan\u0131kl\u0131d\u0131r. Edirne\u2019deki maliyeti, kullan\u0131lan malzemelerin kalitesine ve i\u015f\u00e7ilik maliyetine &#8230;<\/p>\n","protected":false},"author":1,"featured_media":1638,"comment_status":"open","ping_status":"open","sticky":false,"template":"","format":"standard","meta":{"footnotes":""},"categories":[1],"tags":[46,20,10,3,42],"_links":{"self":[{"href":"https:\/\/kolon-guclendirme.com\/edirne\/wp-json\/wp\/v2\/posts\/146"}],"collection":[{"href":"https:\/\/kolon-guclendirme.com\/edirne\/wp-json\/wp\/v2\/posts"}],"about":[{"href":"https:\/\/kolon-guclendirme.com\/edirne\/wp-json\/wp\/v2\/types\/post"}],"author":[{"embeddable":true,"href":"https:\/\/kolon-guclendirme.com\/edirne\/wp-json\/wp\/v2\/users\/1"}],"replies":[{"embeddable":true,"href":"https:\/\/kolon-guclendirme.com\/edirne\/wp-json\/wp\/v2\/comments?post=146"}],"version-history":[{"count":1,"href":"https:\/\/kolon-guclendirme.com\/edirne\/wp-json\/wp\/v2\/posts\/146\/revisions"}],"predecessor-version":[{"id":1726,"href":"https:\/\/kolon-guclendirme.com\/edirne\/wp-json\/wp\/v2\/posts\/146\/revisions\/1726"}],"wp:featuredmedia":[{"embeddable":true,"href":"https:\/\/kolon-guclendirme.com\/edirne\/wp-json\/wp\/v2\/media\/1638"}],"wp:attachment":[{"href":"https:\/\/kolon-guclendirme.com\/edirne\/wp-json\/wp\/v2\/media?parent=146"}],"wp:term":[{"taxonomy":"category","embeddable":true,"href":"https:\/\/kolon-guclendirme.com\/edirne\/wp-json\/wp\/v2\/categories?post=146"},{"taxonomy":"post_tag","embeddable":true,"href":"https:\/\/kolon-guclendirme.com\/edirne\/wp-json\/wp\/v2\/tags?post=146"}],"curies":[{"name":"wp","href":"https:\/\/api.w.org\/{rel}","templated":true}]}}