{"id":128,"date":"2023-10-01T11:31:10","date_gmt":"2023-10-01T08:31:10","guid":{"rendered":"https:\/\/kolon-guclendirme.com\/edirne\/edirne-bina-karbon-kaplama-firmalari\/"},"modified":"2023-10-01T11:31:10","modified_gmt":"2023-10-01T08:31:10","slug":"edirne-bina-karbon-kaplama-firmalari","status":"publish","type":"post","link":"https:\/\/kolon-guclendirme.com\/edirne\/edirne-bina-karbon-kaplama-firmalari\/","title":{"rendered":"Edirne Bina karbon kaplama firmalar\u0131"},"content":{"rendered":"<p>Edirne\u2019de bina karbon kaplama, \u00e7evre dostu ve ekonomik bir \u00e7\u00f6z\u00fcm olarak son y\u0131llarda artan ilgi g\u00f6rmektedir. Bina karbon kaplama, k\u0131\u015f aylar\u0131nda \u0131s\u0131 kayb\u0131n\u0131 \u00f6nler ve yaz aylar\u0131nda \u0131s\u0131y\u0131 d\u0131\u015far\u0131 atmak i\u00e7in kullan\u0131lan bir y\u00f6ntemdir. Edirne\u2019deki bina karbon kaplama firmalar\u0131, binan\u0131n \u0131s\u0131 kayb\u0131n\u0131 \u00f6nleyerek enerji tasarrufu sa\u011flaman\u0131za yard\u0131mc\u0131 olurlar. Ayr\u0131ca, g\u00fcvenli ve sa\u011fl\u0131kl\u0131 bir ortam olu\u015fturmak i\u00e7in bina karbon kaplamaya \u00f6zel \u00fcr\u00fcnler sunmaktad\u0131rlar. Bina karbon kaplama firmalar\u0131, kaliteli \u00fcr\u00fcnler sunarak, binan\u0131n \u00e7evre dostu olmas\u0131n\u0131 sa\u011flamak i\u00e7in \u00f6zel \u00e7\u00f6z\u00fcmler \u00fcretmektedirler. Edirne\u2019d<\/p>\n<p>        <!-- \/wp:paragraph --><\/p>\n<div id='gallery-1' class='gallery galleryid-128 gallery-columns-2 gallery-size-large'><figure class='gallery-item'>\n\t\t\t<div class='gallery-icon portrait'>\n\t\t\t\t<a href='https:\/\/kolon-guclendirme.com\/edirne\/wp-content\/uploads\/sites\/42\/2023\/09\/Edirne-Tavan-frp-elyaf-guclendirme-yapanlar-46189.webp'><img loading=\"lazy\" decoding=\"async\" width=\"853\" height=\"1200\" src=\"https:\/\/kolon-guclendirme.com\/edirne\/wp-content\/uploads\/sites\/42\/2023\/09\/Edirne-Tavan-frp-elyaf-guclendirme-yapanlar-46189.webp\" class=\"attachment-large size-large\" alt=\"Havsa Kiri\u015f frp g\u00fc\u00e7lendirme yapanlar\" srcset=\"https:\/\/kolon-guclendirme.com\/edirne\/wp-content\/uploads\/sites\/42\/2023\/09\/Edirne-Tavan-frp-elyaf-guclendirme-yapanlar-46189.webp 853w, https:\/\/kolon-guclendirme.com\/edirne\/wp-content\/uploads\/sites\/42\/2023\/09\/Edirne-Tavan-frp-elyaf-guclendirme-yapanlar-46189-768x1080.webp 768w\" sizes=\"(max-width: 853px) 100vw, 853px\" \/><\/a>\n\t\t\t<\/div><\/figure><figure class='gallery-item'>\n\t\t\t<div class='gallery-icon portrait'>\n\t\t\t\t<a href='https:\/\/kolon-guclendirme.com\/edirne\/wp-content\/uploads\/sites\/42\/2023\/09\/Edirne-Kiris-deformasyonu-icin-akilli-manyetik-akustik-emisyon-testi-67654.webp'><img loading=\"lazy\" decoding=\"async\" width=\"853\" height=\"1200\" src=\"https:\/\/kolon-guclendirme.com\/edirne\/wp-content\/uploads\/sites\/42\/2023\/09\/Edirne-Kiris-deformasyonu-icin-akilli-manyetik-akustik-emisyon-testi-67654.webp\" class=\"attachment-large size-large\" alt=\"\" srcset=\"https:\/\/kolon-guclendirme.com\/edirne\/wp-content\/uploads\/sites\/42\/2023\/09\/Edirne-Kiris-deformasyonu-icin-akilli-manyetik-akustik-emisyon-testi-67654.webp 853w, https:\/\/kolon-guclendirme.com\/edirne\/wp-content\/uploads\/sites\/42\/2023\/09\/Edirne-Kiris-deformasyonu-icin-akilli-manyetik-akustik-emisyon-testi-67654-768x1080.webp 768w\" sizes=\"(max-width: 853px) 100vw, 853px\" \/><\/a>\n\t\t\t<\/div><\/figure>\n\t\t<\/div>\n\n","protected":false},"excerpt":{"rendered":"<p>Edirne\u2019de bina karbon kaplama, \u00e7evre dostu ve ekonomik bir \u00e7\u00f6z\u00fcm olarak son y\u0131llarda artan ilgi g\u00f6rmektedir. Bina karbon kaplama, k\u0131\u015f aylar\u0131nda \u0131s\u0131 kayb\u0131n\u0131 \u00f6nler ve yaz aylar\u0131nda \u0131s\u0131y\u0131 d\u0131\u015far\u0131 atmak &#8230;<\/p>\n","protected":false},"author":1,"featured_media":1552,"comment_status":"open","ping_status":"open","sticky":false,"template":"","format":"standard","meta":{"footnotes":""},"categories":[1],"tags":[25,33,10,3],"_links":{"self":[{"href":"https:\/\/kolon-guclendirme.com\/edirne\/wp-json\/wp\/v2\/posts\/128"}],"collection":[{"href":"https:\/\/kolon-guclendirme.com\/edirne\/wp-json\/wp\/v2\/posts"}],"about":[{"href":"https:\/\/kolon-guclendirme.com\/edirne\/wp-json\/wp\/v2\/types\/post"}],"author":[{"embeddable":true,"href":"https:\/\/kolon-guclendirme.com\/edirne\/wp-json\/wp\/v2\/users\/1"}],"replies":[{"embeddable":true,"href":"https:\/\/kolon-guclendirme.com\/edirne\/wp-json\/wp\/v2\/comments?post=128"}],"version-history":[{"count":1,"href":"https:\/\/kolon-guclendirme.com\/edirne\/wp-json\/wp\/v2\/posts\/128\/revisions"}],"predecessor-version":[{"id":1729,"href":"https:\/\/kolon-guclendirme.com\/edirne\/wp-json\/wp\/v2\/posts\/128\/revisions\/1729"}],"wp:featuredmedia":[{"embeddable":true,"href":"https:\/\/kolon-guclendirme.com\/edirne\/wp-json\/wp\/v2\/media\/1552"}],"wp:attachment":[{"href":"https:\/\/kolon-guclendirme.com\/edirne\/wp-json\/wp\/v2\/media?parent=128"}],"wp:term":[{"taxonomy":"category","embeddable":true,"href":"https:\/\/kolon-guclendirme.com\/edirne\/wp-json\/wp\/v2\/categories?post=128"},{"taxonomy":"post_tag","embeddable":true,"href":"https:\/\/kolon-guclendirme.com\/edirne\/wp-json\/wp\/v2\/tags?post=128"}],"curies":[{"name":"wp","href":"https:\/\/api.w.org\/{rel}","templated":true}]}}