{"id":105,"date":"2023-10-01T11:31:12","date_gmt":"2023-10-01T08:31:12","guid":{"rendered":"https:\/\/kolon-guclendirme.com\/edirne\/edirne-karbon-fiber-m2-fiyati-2790\/"},"modified":"2023-10-01T11:31:12","modified_gmt":"2023-10-01T08:31:12","slug":"edirne-karbon-fiber-m2-fiyati-2790","status":"publish","type":"post","link":"https:\/\/kolon-guclendirme.com\/edirne\/edirne-karbon-fiber-m2-fiyati-2790\/","title":{"rendered":"Edirne karbon fiber m fiyat\u0131"},"content":{"rendered":"<p>Edirne karbon fiber m2 fiyat\u0131 2790 S\u00fclo\u011flu Karbon kaplama yapanlar 9406, Uzunk\u00f6pr\u00fc 4 katl\u0131 ev g\u00fc\u00e7lendirme firmas\u0131 2870, Uzunk\u00f6pr\u00fc Frp fiber balkon g\u00fc\u00e7lendirme 3604, S\u00fclo\u011flu Kiri\u015f frp fiber g\u00fc\u00e7lendirme malzemesi 4673, S\u00fclo\u011flu Kiri\u015f frp fiber g\u00fc\u00e7lendirme firmas\u0131 3555, S\u00fclo\u011flu Duvar frp fiber g\u00fc\u00e7lendirme maliyeti 7353 Edirne ve S\u00fclo\u011flu de Hizmet vermekteyiz Karbon Fiber Kolon Kiri\u015f G\u00fc\u00e7lendirme i\u015flerinizde En uygun Fiyat Kaliteli i\u015f\u00e7ilik i\u00e7in 7\/24 Saat Firmam\u0131z ile ileti\u015fime Ge\u00e7ebilirsiniz www.guclendirmefirmasi.com +905427483855<\/p>\n<p>        <!-- \/wp:paragraph --><\/p>\n<div id='gallery-1' class='gallery galleryid-105 gallery-columns-2 gallery-size-large'><figure class='gallery-item'>\n\t\t\t<div class='gallery-icon portrait'>\n\t\t\t\t<a href='https:\/\/kolon-guclendirme.com\/edirne\/wp-content\/uploads\/sites\/42\/2023\/09\/Edirne-Bina-karbon-kece-guclendirme-fiyati-76606.webp'><img loading=\"lazy\" decoding=\"async\" width=\"853\" height=\"1200\" src=\"https:\/\/kolon-guclendirme.com\/edirne\/wp-content\/uploads\/sites\/42\/2023\/09\/Edirne-Bina-karbon-kece-guclendirme-fiyati-76606.webp\" class=\"attachment-large size-large\" alt=\"\" srcset=\"https:\/\/kolon-guclendirme.com\/edirne\/wp-content\/uploads\/sites\/42\/2023\/09\/Edirne-Bina-karbon-kece-guclendirme-fiyati-76606.webp 853w, https:\/\/kolon-guclendirme.com\/edirne\/wp-content\/uploads\/sites\/42\/2023\/09\/Edirne-Bina-karbon-kece-guclendirme-fiyati-76606-768x1080.webp 768w\" sizes=\"(max-width: 853px) 100vw, 853px\" \/><\/a>\n\t\t\t<\/div><\/figure><figure class='gallery-item'>\n\t\t\t<div class='gallery-icon portrait'>\n\t\t\t\t<a href='https:\/\/kolon-guclendirme.com\/edirne\/wp-content\/uploads\/sites\/42\/2023\/09\/Edirne-Carbon-lif-duvar-kaplama-yapanlar-16060.webp'><img loading=\"lazy\" decoding=\"async\" width=\"853\" height=\"1200\" src=\"https:\/\/kolon-guclendirme.com\/edirne\/wp-content\/uploads\/sites\/42\/2023\/09\/Edirne-Carbon-lif-duvar-kaplama-yapanlar-16060.webp\" class=\"attachment-large size-large\" alt=\"Meri\u00e7 Duvar karbon lif kaplama yapanlar\" srcset=\"https:\/\/kolon-guclendirme.com\/edirne\/wp-content\/uploads\/sites\/42\/2023\/09\/Edirne-Carbon-lif-duvar-kaplama-yapanlar-16060.webp 853w, https:\/\/kolon-guclendirme.com\/edirne\/wp-content\/uploads\/sites\/42\/2023\/09\/Edirne-Carbon-lif-duvar-kaplama-yapanlar-16060-768x1080.webp 768w\" sizes=\"(max-width: 853px) 100vw, 853px\" \/><\/a>\n\t\t\t<\/div><\/figure>\n\t\t<\/div>\n\n","protected":false},"excerpt":{"rendered":"<p>Edirne karbon fiber m2 fiyat\u0131 2790 S\u00fclo\u011flu Karbon kaplama yapanlar 9406, Uzunk\u00f6pr\u00fc 4 katl\u0131 ev g\u00fc\u00e7lendirme firmas\u0131 2870, Uzunk\u00f6pr\u00fc Frp fiber balkon g\u00fc\u00e7lendirme 3604, S\u00fclo\u011flu Kiri\u015f frp fiber g\u00fc\u00e7lendirme malzemesi &#8230;<\/p>\n","protected":false},"author":1,"featured_media":1545,"comment_status":"open","ping_status":"open","sticky":false,"template":"","format":"standard","meta":{"footnotes":""},"categories":[1],"tags":[20,4,3,47,95],"_links":{"self":[{"href":"https:\/\/kolon-guclendirme.com\/edirne\/wp-json\/wp\/v2\/posts\/105"}],"collection":[{"href":"https:\/\/kolon-guclendirme.com\/edirne\/wp-json\/wp\/v2\/posts"}],"about":[{"href":"https:\/\/kolon-guclendirme.com\/edirne\/wp-json\/wp\/v2\/types\/post"}],"author":[{"embeddable":true,"href":"https:\/\/kolon-guclendirme.com\/edirne\/wp-json\/wp\/v2\/users\/1"}],"replies":[{"embeddable":true,"href":"https:\/\/kolon-guclendirme.com\/edirne\/wp-json\/wp\/v2\/comments?post=105"}],"version-history":[{"count":1,"href":"https:\/\/kolon-guclendirme.com\/edirne\/wp-json\/wp\/v2\/posts\/105\/revisions"}],"predecessor-version":[{"id":1733,"href":"https:\/\/kolon-guclendirme.com\/edirne\/wp-json\/wp\/v2\/posts\/105\/revisions\/1733"}],"wp:featuredmedia":[{"embeddable":true,"href":"https:\/\/kolon-guclendirme.com\/edirne\/wp-json\/wp\/v2\/media\/1545"}],"wp:attachment":[{"href":"https:\/\/kolon-guclendirme.com\/edirne\/wp-json\/wp\/v2\/media?parent=105"}],"wp:term":[{"taxonomy":"category","embeddable":true,"href":"https:\/\/kolon-guclendirme.com\/edirne\/wp-json\/wp\/v2\/categories?post=105"},{"taxonomy":"post_tag","embeddable":true,"href":"https:\/\/kolon-guclendirme.com\/edirne\/wp-json\/wp\/v2\/tags?post=105"}],"curies":[{"name":"wp","href":"https:\/\/api.w.org\/{rel}","templated":true}]}}