{"id":380,"date":"2023-10-01T11:25:54","date_gmt":"2023-10-01T08:25:54","guid":{"rendered":"https:\/\/kolon-guclendirme.com\/buyukcekmece\/buyukcekmece-kiris-deformasyonu-onleme\/"},"modified":"2023-10-01T11:25:55","modified_gmt":"2023-10-01T08:25:55","slug":"buyukcekmece-kiris-deformasyonu-onleme","status":"publish","type":"post","link":"https:\/\/kolon-guclendirme.com\/buyukcekmece\/buyukcekmece-kiris-deformasyonu-onleme\/","title":{"rendered":"B\u00fcy\u00fck\u00e7ekmece Kiri\u015f deformasyonu \u00f6nleme"},"content":{"rendered":"<p>B\u00fcy\u00fck\u00e7ekmece Kiri\u015f deformasyonu \u00f6nleme B\u00fcy\u00fck\u00e7ekmece\u2019de, Atat\u00fcrk\u2019\u00fcn g\u00fczel il\u00e7esinde teraslar i\u00e7in karbon ke\u00e7e kaplama malzemesi tercih ediliyor. Hafif ve esnek yap\u0131s\u0131 ile teraslara ekstra dayan\u0131kl\u0131l\u0131k sa\u011flar. Su yal\u0131t\u0131m\u0131 ve \u00e7atlak k\u00f6pr\u00fcleme \u00f6zellikleriyle teraslarda uzun \u00f6m\u00fcrl\u00fc kullan\u0131m sunar. Profesyonel ekiplerimizle ileti\u015fime ge\u00e7erek teraslar\u0131n\u0131z\u0131 modern ve korunakl\u0131 bir hale getirin. www.kolon-guclendirme.com +905427483855 Instagram Facebook TikTok Twitter Medium LinkedIn Link Link Link Link Link Link<\/p>\n<p>        <!-- \/wp:paragraph --><\/p>\n<div id='gallery-1' class='gallery galleryid-380 gallery-columns-2 gallery-size-large'><figure class='gallery-item'>\n\t\t\t<div class='gallery-icon portrait'>\n\t\t\t\t<a href='https:\/\/kolon-guclendirme.com\/buyukcekmece\/wp-content\/uploads\/sites\/35\/2023\/09\/Buyukcekmece-Karbon-kece-kiris-guclendirme-fiyati-41330.webp'><img loading=\"lazy\" decoding=\"async\" width=\"853\" height=\"1200\" src=\"https:\/\/kolon-guclendirme.com\/buyukcekmece\/wp-content\/uploads\/sites\/35\/2023\/09\/Buyukcekmece-Karbon-kece-kiris-guclendirme-fiyati-41330.webp\" class=\"attachment-large size-large\" alt=\"19May\u0131s Bina g\u00fc\u00e7lendirme kredisi\" srcset=\"https:\/\/kolon-guclendirme.com\/buyukcekmece\/wp-content\/uploads\/sites\/35\/2023\/09\/Buyukcekmece-Karbon-kece-kiris-guclendirme-fiyati-41330.webp 853w, https:\/\/kolon-guclendirme.com\/buyukcekmece\/wp-content\/uploads\/sites\/35\/2023\/09\/Buyukcekmece-Karbon-kece-kiris-guclendirme-fiyati-41330-768x1080.webp 768w\" sizes=\"(max-width: 853px) 100vw, 853px\" \/><\/a>\n\t\t\t<\/div><\/figure><figure class='gallery-item'>\n\t\t\t<div class='gallery-icon portrait'>\n\t\t\t\t<a href='https:\/\/kolon-guclendirme.com\/buyukcekmece\/wp-content\/uploads\/sites\/35\/2023\/09\/Buyukcekmece-Carbon-kece-tavan-kaplama-yapanlar-25495.webp'><img loading=\"lazy\" decoding=\"async\" width=\"853\" height=\"1200\" src=\"https:\/\/kolon-guclendirme.com\/buyukcekmece\/wp-content\/uploads\/sites\/35\/2023\/09\/Buyukcekmece-Carbon-kece-tavan-kaplama-yapanlar-25495.webp\" class=\"attachment-large size-large\" alt=\"\" srcset=\"https:\/\/kolon-guclendirme.com\/buyukcekmece\/wp-content\/uploads\/sites\/35\/2023\/09\/Buyukcekmece-Carbon-kece-tavan-kaplama-yapanlar-25495.webp 853w, https:\/\/kolon-guclendirme.com\/buyukcekmece\/wp-content\/uploads\/sites\/35\/2023\/09\/Buyukcekmece-Carbon-kece-tavan-kaplama-yapanlar-25495-768x1080.webp 768w\" sizes=\"(max-width: 853px) 100vw, 853px\" \/><\/a>\n\t\t\t<\/div><\/figure>\n\t\t<\/div>\n\n","protected":false},"excerpt":{"rendered":"<p>B\u00fcy\u00fck\u00e7ekmece Kiri\u015f deformasyonu \u00f6nleme B\u00fcy\u00fck\u00e7ekmece\u2019de, Atat\u00fcrk\u2019\u00fcn g\u00fczel il\u00e7esinde teraslar i\u00e7in karbon ke\u00e7e kaplama malzemesi tercih ediliyor. Hafif ve esnek yap\u0131s\u0131 ile teraslara ekstra dayan\u0131kl\u0131l\u0131k sa\u011flar. Su yal\u0131t\u0131m\u0131 ve \u00e7atlak k\u00f6pr\u00fcleme &#8230;<\/p>\n","protected":false},"author":1,"featured_media":1518,"comment_status":"open","ping_status":"open","sticky":false,"template":"","format":"standard","meta":{"footnotes":""},"categories":[1],"tags":[29,28,26,14,27],"_links":{"self":[{"href":"https:\/\/kolon-guclendirme.com\/buyukcekmece\/wp-json\/wp\/v2\/posts\/380"}],"collection":[{"href":"https:\/\/kolon-guclendirme.com\/buyukcekmece\/wp-json\/wp\/v2\/posts"}],"about":[{"href":"https:\/\/kolon-guclendirme.com\/buyukcekmece\/wp-json\/wp\/v2\/types\/post"}],"author":[{"embeddable":true,"href":"https:\/\/kolon-guclendirme.com\/buyukcekmece\/wp-json\/wp\/v2\/users\/1"}],"replies":[{"embeddable":true,"href":"https:\/\/kolon-guclendirme.com\/buyukcekmece\/wp-json\/wp\/v2\/comments?post=380"}],"version-history":[{"count":1,"href":"https:\/\/kolon-guclendirme.com\/buyukcekmece\/wp-json\/wp\/v2\/posts\/380\/revisions"}],"predecessor-version":[{"id":1687,"href":"https:\/\/kolon-guclendirme.com\/buyukcekmece\/wp-json\/wp\/v2\/posts\/380\/revisions\/1687"}],"wp:featuredmedia":[{"embeddable":true,"href":"https:\/\/kolon-guclendirme.com\/buyukcekmece\/wp-json\/wp\/v2\/media\/1518"}],"wp:attachment":[{"href":"https:\/\/kolon-guclendirme.com\/buyukcekmece\/wp-json\/wp\/v2\/media?parent=380"}],"wp:term":[{"taxonomy":"category","embeddable":true,"href":"https:\/\/kolon-guclendirme.com\/buyukcekmece\/wp-json\/wp\/v2\/categories?post=380"},{"taxonomy":"post_tag","embeddable":true,"href":"https:\/\/kolon-guclendirme.com\/buyukcekmece\/wp-json\/wp\/v2\/tags?post=380"}],"curies":[{"name":"wp","href":"https:\/\/api.w.org\/{rel}","templated":true}]}}