{"id":278,"date":"2023-10-01T11:26:03","date_gmt":"2023-10-01T08:26:03","guid":{"rendered":"https:\/\/kolon-guclendirme.com\/buyukcekmece\/buyukcekmece-yapi-frp-elyaf-guclendirme-firmasi\/"},"modified":"2023-10-01T11:26:04","modified_gmt":"2023-10-01T08:26:04","slug":"buyukcekmece-yapi-frp-elyaf-guclendirme-firmasi","status":"publish","type":"post","link":"https:\/\/kolon-guclendirme.com\/buyukcekmece\/buyukcekmece-yapi-frp-elyaf-guclendirme-firmasi\/","title":{"rendered":"B\u00fcy\u00fck\u00e7ekmece Yap\u0131 frp elyaf g\u00fc\u00e7lendirme firmas\u0131"},"content":{"rendered":"<p>B\u00fcy\u00fck\u00e7ekmece Yap\u0131 frp elyaf g\u00fc\u00e7lendirme firmas\u0131 \u201cAhmediye\u2019de Teraslar\u0131n\u0131z\u0131 G\u00fc\u00e7lendirin: FRP Fiber G\u00fc\u00e7lendirme! B\u00fcy\u00fck\u00e7ekmece il\u00e7esi Ahmediye b\u00f6lgesinde, teraslar\u0131n g\u00fc\u00e7lendirilmesinde FRP (Fiber Takviyeli Polimer) \u00e7\u00f6z\u00fcmleri tercih ediliyor. Bu blog yaz\u0131s\u0131nda, Ahmediye\u2019de hizmet veren bir FRP fiber g\u00fc\u00e7lendirme firmas\u0131ndan bahsedeceksiniz. Teras frp fiber g\u00fc\u00e7lendirme, dayan\u0131kl\u0131 ve esnek fiber malzemelerin kullan\u0131lmas\u0131yla teras yap\u0131lar\u0131n\u0131n g\u00fc\u00e7lendirilmesini sa\u011flar. Ahmediye\u2019deki projelerde tercih edilen bu yenilik\u00e7i \u00e7\u00f6z\u00fcm, teraslar\u0131n\u0131z\u0131 uzun \u00f6m\u00fcrl\u00fc hale getirir ve g\u00fcvenli bir ya\u015fam alan\u0131 sunar. Detaylar i\u00e7in okumaya devam edin!\u201d www.kolonkirisguclendirme.com +905427483855 Instagram Facebook TikTok Twitter Medium LinkedIn Link Link Link Link Link Link<\/p>\n<p>        <!-- \/wp:paragraph --><\/p>\n<div id='gallery-1' class='gallery galleryid-278 gallery-columns-2 gallery-size-large'><figure class='gallery-item'>\n\t\t\t<div class='gallery-icon portrait'>\n\t\t\t\t<a href='https:\/\/kolon-guclendirme.com\/buyukcekmece\/wp-content\/uploads\/sites\/35\/2023\/09\/Buyukcekmece-Kolon-frp-elyaf-kaplama-firmasi-49674.webp'><img loading=\"lazy\" decoding=\"async\" width=\"853\" height=\"1200\" src=\"https:\/\/kolon-guclendirme.com\/buyukcekmece\/wp-content\/uploads\/sites\/35\/2023\/09\/Buyukcekmece-Kolon-frp-elyaf-kaplama-firmasi-49674.webp\" class=\"attachment-large size-large\" alt=\"\" srcset=\"https:\/\/kolon-guclendirme.com\/buyukcekmece\/wp-content\/uploads\/sites\/35\/2023\/09\/Buyukcekmece-Kolon-frp-elyaf-kaplama-firmasi-49674.webp 853w, https:\/\/kolon-guclendirme.com\/buyukcekmece\/wp-content\/uploads\/sites\/35\/2023\/09\/Buyukcekmece-Kolon-frp-elyaf-kaplama-firmasi-49674-768x1080.webp 768w\" sizes=\"(max-width: 853px) 100vw, 853px\" \/><\/a>\n\t\t\t<\/div><\/figure><figure class='gallery-item'>\n\t\t\t<div class='gallery-icon portrait'>\n\t\t\t\t<a href='https:\/\/kolon-guclendirme.com\/buyukcekmece\/wp-content\/uploads\/sites\/35\/2023\/09\/Buyukcekmece-Karbon-fiber-teras-guclendirme-malzemesi-79863.webp'><img loading=\"lazy\" decoding=\"async\" width=\"853\" height=\"1200\" src=\"https:\/\/kolon-guclendirme.com\/buyukcekmece\/wp-content\/uploads\/sites\/35\/2023\/09\/Buyukcekmece-Karbon-fiber-teras-guclendirme-malzemesi-79863.webp\" class=\"attachment-large size-large\" alt=\"\" srcset=\"https:\/\/kolon-guclendirme.com\/buyukcekmece\/wp-content\/uploads\/sites\/35\/2023\/09\/Buyukcekmece-Karbon-fiber-teras-guclendirme-malzemesi-79863.webp 853w, https:\/\/kolon-guclendirme.com\/buyukcekmece\/wp-content\/uploads\/sites\/35\/2023\/09\/Buyukcekmece-Karbon-fiber-teras-guclendirme-malzemesi-79863-768x1080.webp 768w\" sizes=\"(max-width: 853px) 100vw, 853px\" \/><\/a>\n\t\t\t<\/div><\/figure>\n\t\t<\/div>\n\n","protected":false},"excerpt":{"rendered":"<p>B\u00fcy\u00fck\u00e7ekmece Yap\u0131 frp elyaf g\u00fc\u00e7lendirme firmas\u0131 \u201cAhmediye\u2019de Teraslar\u0131n\u0131z\u0131 G\u00fc\u00e7lendirin: FRP Fiber G\u00fc\u00e7lendirme! B\u00fcy\u00fck\u00e7ekmece il\u00e7esi Ahmediye b\u00f6lgesinde, teraslar\u0131n g\u00fc\u00e7lendirilmesinde FRP (Fiber Takviyeli Polimer) \u00e7\u00f6z\u00fcmleri tercih ediliyor. Bu blog yaz\u0131s\u0131nda, Ahmediye\u2019de hizmet &#8230;<\/p>\n","protected":false},"author":1,"featured_media":1622,"comment_status":"open","ping_status":"open","sticky":false,"template":"","format":"standard","meta":{"footnotes":""},"categories":[1],"tags":[40,43,55,3,32],"_links":{"self":[{"href":"https:\/\/kolon-guclendirme.com\/buyukcekmece\/wp-json\/wp\/v2\/posts\/278"}],"collection":[{"href":"https:\/\/kolon-guclendirme.com\/buyukcekmece\/wp-json\/wp\/v2\/posts"}],"about":[{"href":"https:\/\/kolon-guclendirme.com\/buyukcekmece\/wp-json\/wp\/v2\/types\/post"}],"author":[{"embeddable":true,"href":"https:\/\/kolon-guclendirme.com\/buyukcekmece\/wp-json\/wp\/v2\/users\/1"}],"replies":[{"embeddable":true,"href":"https:\/\/kolon-guclendirme.com\/buyukcekmece\/wp-json\/wp\/v2\/comments?post=278"}],"version-history":[{"count":1,"href":"https:\/\/kolon-guclendirme.com\/buyukcekmece\/wp-json\/wp\/v2\/posts\/278\/revisions"}],"predecessor-version":[{"id":1704,"href":"https:\/\/kolon-guclendirme.com\/buyukcekmece\/wp-json\/wp\/v2\/posts\/278\/revisions\/1704"}],"wp:featuredmedia":[{"embeddable":true,"href":"https:\/\/kolon-guclendirme.com\/buyukcekmece\/wp-json\/wp\/v2\/media\/1622"}],"wp:attachment":[{"href":"https:\/\/kolon-guclendirme.com\/buyukcekmece\/wp-json\/wp\/v2\/media?parent=278"}],"wp:term":[{"taxonomy":"category","embeddable":true,"href":"https:\/\/kolon-guclendirme.com\/buyukcekmece\/wp-json\/wp\/v2\/categories?post=278"},{"taxonomy":"post_tag","embeddable":true,"href":"https:\/\/kolon-guclendirme.com\/buyukcekmece\/wp-json\/wp\/v2\/tags?post=278"}],"curies":[{"name":"wp","href":"https:\/\/api.w.org\/{rel}","templated":true}]}}