{"id":266,"date":"2023-10-01T11:26:05","date_gmt":"2023-10-01T08:26:05","guid":{"rendered":"https:\/\/kolon-guclendirme.com\/buyukcekmece\/buyukcekmece-karbon-kece-duvar-guclendirme-ustasi\/"},"modified":"2023-10-01T11:26:05","modified_gmt":"2023-10-01T08:26:05","slug":"buyukcekmece-karbon-kece-duvar-guclendirme-ustasi","status":"publish","type":"post","link":"https:\/\/kolon-guclendirme.com\/buyukcekmece\/buyukcekmece-karbon-kece-duvar-guclendirme-ustasi\/","title":{"rendered":"B\u00fcy\u00fck\u00e7ekmece Karbon ke\u00e7e duvar g\u00fc\u00e7lendirme ustas\u0131"},"content":{"rendered":"<p>B\u00fcy\u00fck\u00e7ekmece Karbon ke\u00e7e duvar g\u00fc\u00e7lendirme ustas\u0131 d\u0131r. 19 May\u0131s, T\u00fcrkiye\u2019nin \u00e7o\u011fu illerinde kutlanan Ulusal Egemenlik ve \u00c7ocuk Bayram\u0131d\u0131r. B\u00fcy\u00fck\u00e7ekmece il\u00e7esi de bu anlaml\u0131 g\u00fcn\u00fc kutlamak i\u00e7in \u00e7e\u015fitli etkinlikler d\u00fczenliyor. Bu etkinlikler aras\u0131nda, duvar frp elyaf g\u00fc\u00e7lendirme yapanlar\u0131n da \u00f6nemli bir yeri var. Duvar frp elyaf g\u00fc\u00e7lendirme, binalar\u0131n daha sa\u011flam olmas\u0131n\u0131 ve onar\u0131m maliyetlerinin azalt\u0131lmas\u0131n\u0131 sa\u011flayan bir tekniktir. B\u00fcy\u00fck\u00e7ekmece il\u00e7esinde bu tekni\u011fi uygulayanlar, b\u00f6lge halk\u0131na sa\u011flam ve g\u00fcvenli bir ya\u015fam alan\u0131 sunuyor. 19 May\u0131s g\u00fcn\u00fc, bu teknikle \u00e7al\u0131\u015fanlar\u0131n emekleri ve \u00f6zverileri kutlanmal\u0131d\u0131r. www.arckarbonguclendirme.com +905427483855 Instagram Facebook TikTok Twitter Medium LinkedIn Link Link Link Link Link Link<\/p>\n<p>        <!-- \/wp:paragraph --><\/p>\n<div id='gallery-1' class='gallery galleryid-266 gallery-columns-2 gallery-size-large'><figure class='gallery-item'>\n\t\t\t<div class='gallery-icon portrait'>\n\t\t\t\t<a href='https:\/\/kolon-guclendirme.com\/buyukcekmece\/wp-content\/uploads\/sites\/35\/2023\/09\/Buyukcekmece-1-katli-yapi-guclendirme-maliyeti-97128.webp'><img loading=\"lazy\" decoding=\"async\" width=\"853\" height=\"1200\" src=\"https:\/\/kolon-guclendirme.com\/buyukcekmece\/wp-content\/uploads\/sites\/35\/2023\/09\/Buyukcekmece-1-katli-yapi-guclendirme-maliyeti-97128.webp\" class=\"attachment-large size-large\" alt=\"\" srcset=\"https:\/\/kolon-guclendirme.com\/buyukcekmece\/wp-content\/uploads\/sites\/35\/2023\/09\/Buyukcekmece-1-katli-yapi-guclendirme-maliyeti-97128.webp 853w, https:\/\/kolon-guclendirme.com\/buyukcekmece\/wp-content\/uploads\/sites\/35\/2023\/09\/Buyukcekmece-1-katli-yapi-guclendirme-maliyeti-97128-768x1080.webp 768w\" sizes=\"(max-width: 853px) 100vw, 853px\" \/><\/a>\n\t\t\t<\/div><\/figure><figure class='gallery-item'>\n\t\t\t<div class='gallery-icon portrait'>\n\t\t\t\t<a href='https:\/\/kolon-guclendirme.com\/buyukcekmece\/wp-content\/uploads\/sites\/35\/2023\/09\/Buyukcekmece-Karbon-kece-kiris-guclendirme-fiyati-41330.webp'><img loading=\"lazy\" decoding=\"async\" width=\"853\" height=\"1200\" src=\"https:\/\/kolon-guclendirme.com\/buyukcekmece\/wp-content\/uploads\/sites\/35\/2023\/09\/Buyukcekmece-Karbon-kece-kiris-guclendirme-fiyati-41330.webp\" class=\"attachment-large size-large\" alt=\"19May\u0131s Bina g\u00fc\u00e7lendirme kredisi\" srcset=\"https:\/\/kolon-guclendirme.com\/buyukcekmece\/wp-content\/uploads\/sites\/35\/2023\/09\/Buyukcekmece-Karbon-kece-kiris-guclendirme-fiyati-41330.webp 853w, https:\/\/kolon-guclendirme.com\/buyukcekmece\/wp-content\/uploads\/sites\/35\/2023\/09\/Buyukcekmece-Karbon-kece-kiris-guclendirme-fiyati-41330-768x1080.webp 768w\" sizes=\"(max-width: 853px) 100vw, 853px\" \/><\/a>\n\t\t\t<\/div><\/figure>\n\t\t<\/div>\n\n","protected":false},"excerpt":{"rendered":"<p>B\u00fcy\u00fck\u00e7ekmece Karbon ke\u00e7e duvar g\u00fc\u00e7lendirme ustas\u0131 d\u0131r. 19 May\u0131s, T\u00fcrkiye\u2019nin \u00e7o\u011fu illerinde kutlanan Ulusal Egemenlik ve \u00c7ocuk Bayram\u0131d\u0131r. B\u00fcy\u00fck\u00e7ekmece il\u00e7esi de bu anlaml\u0131 g\u00fcn\u00fc kutlamak i\u00e7in \u00e7e\u015fitli etkinlikler d\u00fczenliyor. Bu &#8230;<\/p>\n","protected":false},"author":1,"featured_media":1483,"comment_status":"open","ping_status":"open","sticky":false,"template":"","format":"standard","meta":{"footnotes":""},"categories":[1],"tags":[23,48,3,5,33],"_links":{"self":[{"href":"https:\/\/kolon-guclendirme.com\/buyukcekmece\/wp-json\/wp\/v2\/posts\/266"}],"collection":[{"href":"https:\/\/kolon-guclendirme.com\/buyukcekmece\/wp-json\/wp\/v2\/posts"}],"about":[{"href":"https:\/\/kolon-guclendirme.com\/buyukcekmece\/wp-json\/wp\/v2\/types\/post"}],"author":[{"embeddable":true,"href":"https:\/\/kolon-guclendirme.com\/buyukcekmece\/wp-json\/wp\/v2\/users\/1"}],"replies":[{"embeddable":true,"href":"https:\/\/kolon-guclendirme.com\/buyukcekmece\/wp-json\/wp\/v2\/comments?post=266"}],"version-history":[{"count":1,"href":"https:\/\/kolon-guclendirme.com\/buyukcekmece\/wp-json\/wp\/v2\/posts\/266\/revisions"}],"predecessor-version":[{"id":1706,"href":"https:\/\/kolon-guclendirme.com\/buyukcekmece\/wp-json\/wp\/v2\/posts\/266\/revisions\/1706"}],"wp:featuredmedia":[{"embeddable":true,"href":"https:\/\/kolon-guclendirme.com\/buyukcekmece\/wp-json\/wp\/v2\/media\/1483"}],"wp:attachment":[{"href":"https:\/\/kolon-guclendirme.com\/buyukcekmece\/wp-json\/wp\/v2\/media?parent=266"}],"wp:term":[{"taxonomy":"category","embeddable":true,"href":"https:\/\/kolon-guclendirme.com\/buyukcekmece\/wp-json\/wp\/v2\/categories?post=266"},{"taxonomy":"post_tag","embeddable":true,"href":"https:\/\/kolon-guclendirme.com\/buyukcekmece\/wp-json\/wp\/v2\/tags?post=266"}],"curies":[{"name":"wp","href":"https:\/\/api.w.org\/{rel}","templated":true}]}}