{"id":248,"date":"2023-10-01T11:26:06","date_gmt":"2023-10-01T08:26:06","guid":{"rendered":"https:\/\/kolon-guclendirme.com\/buyukcekmece\/buyukcekmece-karbon-fiber-bina-guclendirme-ve-surdurulebilir-insaat-uygulamalari-arasindaki-iliski-nedir\/"},"modified":"2023-10-01T11:26:07","modified_gmt":"2023-10-01T08:26:07","slug":"buyukcekmece-karbon-fiber-bina-guclendirme-ve-surdurulebilir-insaat-uygulamalari-arasindaki-iliski-nedir","status":"publish","type":"post","link":"https:\/\/kolon-guclendirme.com\/buyukcekmece\/buyukcekmece-karbon-fiber-bina-guclendirme-ve-surdurulebilir-insaat-uygulamalari-arasindaki-iliski-nedir\/","title":{"rendered":"B\u00fcy\u00fck\u00e7ekmece Karbon fiber bina g\u00fc\u00e7lendirme ve s\u00fcrd\u00fcr\u00fclebilir in\u015faat uygulamalar\u0131 aras\u0131ndaki ili\u015fki nedir?"},"content":{"rendered":"<p>Karbon fiber, s\u00fcrd\u00fcr\u00fclebilir in\u015faat uygulamalar\u0131 i\u00e7in idealdir. \u00c7\u00fcnk\u00fc karbon fiber, y\u00fcksek mukavemete sahip bir malzemedir. Ayr\u0131ca, karbon fiber binalar\u0131n daha dayan\u0131kl\u0131 ve s\u00fcrd\u00fcr\u00fclebilir olmas\u0131n\u0131 sa\u011flar.<\/p>\n<p>        <!-- \/wp:paragraph --><\/p>\n<div id='gallery-1' class='gallery galleryid-248 gallery-columns-2 gallery-size-large'><figure class='gallery-item'>\n\t\t\t<div class='gallery-icon portrait'>\n\t\t\t\t<a href='https:\/\/kolon-guclendirme.com\/buyukcekmece\/wp-content\/uploads\/sites\/35\/2023\/09\/Buyukcekmece-Carbon-elyaf-zemin-guclendirme-ustasi-92782.webp'><img loading=\"lazy\" decoding=\"async\" width=\"853\" height=\"1200\" src=\"https:\/\/kolon-guclendirme.com\/buyukcekmece\/wp-content\/uploads\/sites\/35\/2023\/09\/Buyukcekmece-Carbon-elyaf-zemin-guclendirme-ustasi-92782.webp\" class=\"attachment-large size-large\" alt=\"\" srcset=\"https:\/\/kolon-guclendirme.com\/buyukcekmece\/wp-content\/uploads\/sites\/35\/2023\/09\/Buyukcekmece-Carbon-elyaf-zemin-guclendirme-ustasi-92782.webp 853w, https:\/\/kolon-guclendirme.com\/buyukcekmece\/wp-content\/uploads\/sites\/35\/2023\/09\/Buyukcekmece-Carbon-elyaf-zemin-guclendirme-ustasi-92782-768x1080.webp 768w\" sizes=\"(max-width: 853px) 100vw, 853px\" \/><\/a>\n\t\t\t<\/div><\/figure><figure class='gallery-item'>\n\t\t\t<div class='gallery-icon portrait'>\n\t\t\t\t<a href='https:\/\/kolon-guclendirme.com\/buyukcekmece\/wp-content\/uploads\/sites\/35\/2023\/09\/Buyukcekmece-5-katli-yapi-karbon-guclendirme-firmasi-47833.webp'><img loading=\"lazy\" decoding=\"async\" width=\"853\" height=\"1200\" src=\"https:\/\/kolon-guclendirme.com\/buyukcekmece\/wp-content\/uploads\/sites\/35\/2023\/09\/Buyukcekmece-5-katli-yapi-karbon-guclendirme-firmasi-47833.webp\" class=\"attachment-large size-large\" alt=\"\" srcset=\"https:\/\/kolon-guclendirme.com\/buyukcekmece\/wp-content\/uploads\/sites\/35\/2023\/09\/Buyukcekmece-5-katli-yapi-karbon-guclendirme-firmasi-47833.webp 853w, https:\/\/kolon-guclendirme.com\/buyukcekmece\/wp-content\/uploads\/sites\/35\/2023\/09\/Buyukcekmece-5-katli-yapi-karbon-guclendirme-firmasi-47833-768x1080.webp 768w\" sizes=\"(max-width: 853px) 100vw, 853px\" \/><\/a>\n\t\t\t<\/div><\/figure>\n\t\t<\/div>\n\n","protected":false},"excerpt":{"rendered":"<p>Karbon fiber, s\u00fcrd\u00fcr\u00fclebilir in\u015faat uygulamalar\u0131 i\u00e7in idealdir. \u00c7\u00fcnk\u00fc karbon fiber, y\u00fcksek mukavemete sahip bir malzemedir. Ayr\u0131ca, karbon fiber binalar\u0131n daha dayan\u0131kl\u0131 ve s\u00fcrd\u00fcr\u00fclebilir olmas\u0131n\u0131 sa\u011flar.<\/p>\n","protected":false},"author":1,"featured_media":1669,"comment_status":"open","ping_status":"open","sticky":false,"template":"","format":"standard","meta":{"footnotes":""},"categories":[1],"tags":[43,58,5,57,59],"_links":{"self":[{"href":"https:\/\/kolon-guclendirme.com\/buyukcekmece\/wp-json\/wp\/v2\/posts\/248"}],"collection":[{"href":"https:\/\/kolon-guclendirme.com\/buyukcekmece\/wp-json\/wp\/v2\/posts"}],"about":[{"href":"https:\/\/kolon-guclendirme.com\/buyukcekmece\/wp-json\/wp\/v2\/types\/post"}],"author":[{"embeddable":true,"href":"https:\/\/kolon-guclendirme.com\/buyukcekmece\/wp-json\/wp\/v2\/users\/1"}],"replies":[{"embeddable":true,"href":"https:\/\/kolon-guclendirme.com\/buyukcekmece\/wp-json\/wp\/v2\/comments?post=248"}],"version-history":[{"count":1,"href":"https:\/\/kolon-guclendirme.com\/buyukcekmece\/wp-json\/wp\/v2\/posts\/248\/revisions"}],"predecessor-version":[{"id":1709,"href":"https:\/\/kolon-guclendirme.com\/buyukcekmece\/wp-json\/wp\/v2\/posts\/248\/revisions\/1709"}],"wp:featuredmedia":[{"embeddable":true,"href":"https:\/\/kolon-guclendirme.com\/buyukcekmece\/wp-json\/wp\/v2\/media\/1669"}],"wp:attachment":[{"href":"https:\/\/kolon-guclendirme.com\/buyukcekmece\/wp-json\/wp\/v2\/media?parent=248"}],"wp:term":[{"taxonomy":"category","embeddable":true,"href":"https:\/\/kolon-guclendirme.com\/buyukcekmece\/wp-json\/wp\/v2\/categories?post=248"},{"taxonomy":"post_tag","embeddable":true,"href":"https:\/\/kolon-guclendirme.com\/buyukcekmece\/wp-json\/wp\/v2\/tags?post=248"}],"curies":[{"name":"wp","href":"https:\/\/api.w.org\/{rel}","templated":true}]}}