{"id":200,"date":"2023-10-01T11:26:11","date_gmt":"2023-10-01T08:26:11","guid":{"rendered":"https:\/\/kolon-guclendirme.com\/buyukcekmece\/buyukcekmece-karbon-kece-duvar-guclendirme-fiyati\/"},"modified":"2023-10-01T11:26:11","modified_gmt":"2023-10-01T08:26:11","slug":"buyukcekmece-karbon-kece-duvar-guclendirme-fiyati","status":"publish","type":"post","link":"https:\/\/kolon-guclendirme.com\/buyukcekmece\/buyukcekmece-karbon-kece-duvar-guclendirme-fiyati\/","title":{"rendered":"B\u00fcy\u00fck\u00e7ekmece Karbon ke\u00e7e duvar g\u00fc\u00e7lendirme fiyat\u0131"},"content":{"rendered":"<p>Karbon ke\u00e7e duvar g\u00fc\u00e7lendirme, B\u00fcy\u00fck\u00e7ekmece\u2019de \u00e7ok pop\u00fcler bir y\u00f6ntem. Bu y\u00f6ntem, duvarlar\u0131n dayan\u0131kl\u0131l\u0131\u011f\u0131n\u0131 art\u0131rmak ve onlar\u0131 daha sa\u011flam hale getirmek i\u00e7in kullan\u0131l\u0131yor. Karbon ke\u00e7e, duvarlar\u0131n daha iyi bir \u015fekilde korunmas\u0131n\u0131 sa\u011flayan bir malzeme. Ayr\u0131ca, karbon ke\u00e7e, duvarlar\u0131n \u00e7atlaklar\u0131n\u0131 onarmak veya \u00f6nlemek i\u00e7in de kullan\u0131l\u0131yor. Karbon ke\u00e7e duvar g\u00fc\u00e7lendirme, B\u00fcy\u00fck\u00e7ekmece\u2019de \u00e7ok uygun fiyatlara sunuluyor. M\u00fc\u015fteriler, kaliteli hizmetleri, uygun fiyatlar\u0131 ve profesyonel bir deste\u011fi alabiliyor. Karbon ke\u00e7e duvar g\u00fc\u00e7lendirme, B\u00fcy\u00fck\u00e7ekmece\u2019de sizin i\u00e7in en iyi se\u00e7enek olabilir.<\/p>\n<p>        <!-- \/wp:paragraph --><\/p>\n<div id='gallery-1' class='gallery galleryid-200 gallery-columns-2 gallery-size-large'><figure class='gallery-item'>\n\t\t\t<div class='gallery-icon portrait'>\n\t\t\t\t<a href='https:\/\/kolon-guclendirme.com\/buyukcekmece\/wp-content\/uploads\/sites\/35\/2023\/09\/Buyukcekmece-Duvar-karbon-kece-guclendirme-28536.webp'><img loading=\"lazy\" decoding=\"async\" width=\"853\" height=\"1200\" src=\"https:\/\/kolon-guclendirme.com\/buyukcekmece\/wp-content\/uploads\/sites\/35\/2023\/09\/Buyukcekmece-Duvar-karbon-kece-guclendirme-28536.webp\" class=\"attachment-large size-large\" alt=\"Dizdariye Carbon lif tavan g\u00fc\u00e7lendirme firmas\u0131\" srcset=\"https:\/\/kolon-guclendirme.com\/buyukcekmece\/wp-content\/uploads\/sites\/35\/2023\/09\/Buyukcekmece-Duvar-karbon-kece-guclendirme-28536.webp 853w, https:\/\/kolon-guclendirme.com\/buyukcekmece\/wp-content\/uploads\/sites\/35\/2023\/09\/Buyukcekmece-Duvar-karbon-kece-guclendirme-28536-768x1080.webp 768w\" sizes=\"(max-width: 853px) 100vw, 853px\" \/><\/a>\n\t\t\t<\/div><\/figure><figure class='gallery-item'>\n\t\t\t<div class='gallery-icon portrait'>\n\t\t\t\t<a href='https:\/\/kolon-guclendirme.com\/buyukcekmece\/wp-content\/uploads\/sites\/35\/2023\/09\/Buyukcekmece-karbon-fiber-guclendirme-maliyet-78005.webp'><img loading=\"lazy\" decoding=\"async\" width=\"853\" height=\"1200\" src=\"https:\/\/kolon-guclendirme.com\/buyukcekmece\/wp-content\/uploads\/sites\/35\/2023\/09\/Buyukcekmece-karbon-fiber-guclendirme-maliyet-78005.webp\" class=\"attachment-large size-large\" alt=\"\" srcset=\"https:\/\/kolon-guclendirme.com\/buyukcekmece\/wp-content\/uploads\/sites\/35\/2023\/09\/Buyukcekmece-karbon-fiber-guclendirme-maliyet-78005.webp 853w, https:\/\/kolon-guclendirme.com\/buyukcekmece\/wp-content\/uploads\/sites\/35\/2023\/09\/Buyukcekmece-karbon-fiber-guclendirme-maliyet-78005-768x1080.webp 768w\" sizes=\"(max-width: 853px) 100vw, 853px\" \/><\/a>\n\t\t\t<\/div><\/figure>\n\t\t<\/div>\n\n","protected":false},"excerpt":{"rendered":"<p>Karbon ke\u00e7e duvar g\u00fc\u00e7lendirme, B\u00fcy\u00fck\u00e7ekmece\u2019de \u00e7ok pop\u00fcler bir y\u00f6ntem. Bu y\u00f6ntem, duvarlar\u0131n dayan\u0131kl\u0131l\u0131\u011f\u0131n\u0131 art\u0131rmak ve onlar\u0131 daha sa\u011flam hale getirmek i\u00e7in kullan\u0131l\u0131yor. Karbon ke\u00e7e, duvarlar\u0131n daha iyi bir \u015fekilde korunmas\u0131n\u0131 &#8230;<\/p>\n","protected":false},"author":1,"featured_media":1660,"comment_status":"open","ping_status":"open","sticky":false,"template":"","format":"standard","meta":{"footnotes":""},"categories":[1],"tags":[28,48,3,5,33],"_links":{"self":[{"href":"https:\/\/kolon-guclendirme.com\/buyukcekmece\/wp-json\/wp\/v2\/posts\/200"}],"collection":[{"href":"https:\/\/kolon-guclendirme.com\/buyukcekmece\/wp-json\/wp\/v2\/posts"}],"about":[{"href":"https:\/\/kolon-guclendirme.com\/buyukcekmece\/wp-json\/wp\/v2\/types\/post"}],"author":[{"embeddable":true,"href":"https:\/\/kolon-guclendirme.com\/buyukcekmece\/wp-json\/wp\/v2\/users\/1"}],"replies":[{"embeddable":true,"href":"https:\/\/kolon-guclendirme.com\/buyukcekmece\/wp-json\/wp\/v2\/comments?post=200"}],"version-history":[{"count":1,"href":"https:\/\/kolon-guclendirme.com\/buyukcekmece\/wp-json\/wp\/v2\/posts\/200\/revisions"}],"predecessor-version":[{"id":1717,"href":"https:\/\/kolon-guclendirme.com\/buyukcekmece\/wp-json\/wp\/v2\/posts\/200\/revisions\/1717"}],"wp:featuredmedia":[{"embeddable":true,"href":"https:\/\/kolon-guclendirme.com\/buyukcekmece\/wp-json\/wp\/v2\/media\/1660"}],"wp:attachment":[{"href":"https:\/\/kolon-guclendirme.com\/buyukcekmece\/wp-json\/wp\/v2\/media?parent=200"}],"wp:term":[{"taxonomy":"category","embeddable":true,"href":"https:\/\/kolon-guclendirme.com\/buyukcekmece\/wp-json\/wp\/v2\/categories?post=200"},{"taxonomy":"post_tag","embeddable":true,"href":"https:\/\/kolon-guclendirme.com\/buyukcekmece\/wp-json\/wp\/v2\/tags?post=200"}],"curies":[{"name":"wp","href":"https:\/\/api.w.org\/{rel}","templated":true}]}}