{"id":1825,"date":"2024-01-15T12:39:56","date_gmt":"2024-01-15T09:39:56","guid":{"rendered":"https:\/\/kolon-guclendirme.com\/buyukcekmece\/cakmakli-karbon-fiber-guclendirme-projesi\/"},"modified":"2024-01-15T12:39:59","modified_gmt":"2024-01-15T09:39:59","slug":"cakmakli-karbon-fiber-guclendirme-projesi","status":"publish","type":"post","link":"https:\/\/kolon-guclendirme.com\/buyukcekmece\/cakmakli-karbon-fiber-guclendirme-projesi\/","title":{"rendered":"\u00c7akmakl\u0131 karbon fiber g\u00fc\u00e7lendirme projesi"},"content":{"rendered":"<p>B\u00fcy\u00fck\u00e7ekmece il\u00e7esinin \u00c7akmakl\u0131 mahallesinde, karbon fiber g\u00fc\u00e7lendirme projesi ba\u015flat\u0131ld\u0131. Bu proje kapsam\u0131nda, mahalledeki binalar\u0131n kolon ve kiri\u015fleri, karbon fiber kuma\u015flarla g\u00fc\u00e7lendirilecek. B\u00f6ylece, binalar\u0131n depreme kar\u015f\u0131 dayan\u0131kl\u0131l\u0131\u011f\u0131 artt\u0131r\u0131lacak. Projenin tamamlanmas\u0131n\u0131n ard\u0131ndan, \u00c7akmakl\u0131 mahallesi, depreme kar\u015f\u0131 daha g\u00fcvenli bir yer haline gelecek.<\/p>\n<p>Karbon fiber g\u00fc\u00e7lendirme projesi, B\u00fcy\u00fck\u00e7ekmece Belediyesi taraf\u0131ndan y\u00fcr\u00fct\u00fcl\u00fcyor. Proje kapsam\u0131nda, \u00f6ncelikle mahalledeki binalar\u0131n durumu tespit edildi. Daha sonra, binalar\u0131n kolon ve kiri\u015flerine karbon fiber kuma\u015flar uyguland\u0131. Karbon fiber kuma\u015flar, \u00f6zel bir yap\u0131\u015ft\u0131r\u0131c\u0131 ile binalara yap\u0131\u015ft\u0131r\u0131ld\u0131. Yap\u0131\u015ft\u0131rma i\u015flemi tamamland\u0131ktan sonra, karbon fiber kuma\u015flar kurumaya b\u0131rak\u0131ld\u0131.<\/p>\n<p>Karbon fiber g\u00fc\u00e7lendirme projesi tamamland\u0131ktan sonra, \u00c7akmakl\u0131 mahallesindeki binalar, depreme kar\u015f\u0131 daha dayan\u0131kl\u0131 hale geldi. Proje, mahalle sakinlerinin g\u00fcvenli\u011fini artt\u0131rd\u0131.<div id='gallery-1' class='gallery galleryid-1825 gallery-columns-2 gallery-size-large'><figure class='gallery-item'>\n\t\t\t<div class='gallery-icon portrait'>\n\t\t\t\t<a href='https:\/\/kolon-guclendirme.com\/buyukcekmece\/wp-content\/uploads\/sites\/35\/2023\/09\/Buyukcekmece-Karbon-elyaf-yapi-guclendirme-fiyati-14124.webp'><img loading=\"lazy\" decoding=\"async\" width=\"853\" height=\"1200\" src=\"https:\/\/kolon-guclendirme.com\/buyukcekmece\/wp-content\/uploads\/sites\/35\/2023\/09\/Buyukcekmece-Karbon-elyaf-yapi-guclendirme-fiyati-14124.webp\" class=\"attachment-large size-large\" alt=\"\" srcset=\"https:\/\/kolon-guclendirme.com\/buyukcekmece\/wp-content\/uploads\/sites\/35\/2023\/09\/Buyukcekmece-Karbon-elyaf-yapi-guclendirme-fiyati-14124.webp 853w, https:\/\/kolon-guclendirme.com\/buyukcekmece\/wp-content\/uploads\/sites\/35\/2023\/09\/Buyukcekmece-Karbon-elyaf-yapi-guclendirme-fiyati-14124-768x1080.webp 768w\" sizes=\"(max-width: 853px) 100vw, 853px\" \/><\/a>\n\t\t\t<\/div><\/figure><figure class='gallery-item'>\n\t\t\t<div class='gallery-icon portrait'>\n\t\t\t\t<a href='https:\/\/kolon-guclendirme.com\/buyukcekmece\/wp-content\/uploads\/sites\/35\/2023\/09\/Buyukcekmece-4-katli-yapi-guclendirme-maliyeti-20962.webp'><img loading=\"lazy\" decoding=\"async\" width=\"853\" height=\"1200\" src=\"https:\/\/kolon-guclendirme.com\/buyukcekmece\/wp-content\/uploads\/sites\/35\/2023\/09\/Buyukcekmece-4-katli-yapi-guclendirme-maliyeti-20962.webp\" class=\"attachment-large size-large\" alt=\"\" srcset=\"https:\/\/kolon-guclendirme.com\/buyukcekmece\/wp-content\/uploads\/sites\/35\/2023\/09\/Buyukcekmece-4-katli-yapi-guclendirme-maliyeti-20962.webp 853w, https:\/\/kolon-guclendirme.com\/buyukcekmece\/wp-content\/uploads\/sites\/35\/2023\/09\/Buyukcekmece-4-katli-yapi-guclendirme-maliyeti-20962-768x1080.webp 768w\" sizes=\"(max-width: 853px) 100vw, 853px\" \/><\/a>\n\t\t\t<\/div><\/figure>\n\t\t<\/div>\n<\/p>\n","protected":false},"excerpt":{"rendered":"<p>B\u00fcy\u00fck\u00e7ekmece il\u00e7esinin \u00c7akmakl\u0131 mahallesinde, karbon fiber g\u00fc\u00e7lendirme projesi ba\u015flat\u0131ld\u0131. Bu proje kapsam\u0131nda, mahalledeki binalar\u0131n kolon ve kiri\u015fleri, karbon fiber kuma\u015flarla g\u00fc\u00e7lendirilecek. B\u00f6ylece, binalar\u0131n depreme kar\u015f\u0131 dayan\u0131kl\u0131l\u0131\u011f\u0131 artt\u0131r\u0131lacak. Projenin tamamlanmas\u0131n\u0131n ard\u0131ndan, &#8230;<\/p>\n","protected":false},"author":1,"featured_media":1618,"comment_status":"closed","ping_status":"open","sticky":false,"template":"","format":"standard","meta":{"footnotes":""},"categories":[201],"tags":[60,109,43,3,5],"_links":{"self":[{"href":"https:\/\/kolon-guclendirme.com\/buyukcekmece\/wp-json\/wp\/v2\/posts\/1825"}],"collection":[{"href":"https:\/\/kolon-guclendirme.com\/buyukcekmece\/wp-json\/wp\/v2\/posts"}],"about":[{"href":"https:\/\/kolon-guclendirme.com\/buyukcekmece\/wp-json\/wp\/v2\/types\/post"}],"author":[{"embeddable":true,"href":"https:\/\/kolon-guclendirme.com\/buyukcekmece\/wp-json\/wp\/v2\/users\/1"}],"replies":[{"embeddable":true,"href":"https:\/\/kolon-guclendirme.com\/buyukcekmece\/wp-json\/wp\/v2\/comments?post=1825"}],"version-history":[{"count":1,"href":"https:\/\/kolon-guclendirme.com\/buyukcekmece\/wp-json\/wp\/v2\/posts\/1825\/revisions"}],"predecessor-version":[{"id":1826,"href":"https:\/\/kolon-guclendirme.com\/buyukcekmece\/wp-json\/wp\/v2\/posts\/1825\/revisions\/1826"}],"wp:featuredmedia":[{"embeddable":true,"href":"https:\/\/kolon-guclendirme.com\/buyukcekmece\/wp-json\/wp\/v2\/media\/1618"}],"wp:attachment":[{"href":"https:\/\/kolon-guclendirme.com\/buyukcekmece\/wp-json\/wp\/v2\/media?parent=1825"}],"wp:term":[{"taxonomy":"category","embeddable":true,"href":"https:\/\/kolon-guclendirme.com\/buyukcekmece\/wp-json\/wp\/v2\/categories?post=1825"},{"taxonomy":"post_tag","embeddable":true,"href":"https:\/\/kolon-guclendirme.com\/buyukcekmece\/wp-json\/wp\/v2\/tags?post=1825"}],"curies":[{"name":"wp","href":"https:\/\/api.w.org\/{rel}","templated":true}]}}