{"id":1823,"date":"2024-01-14T16:47:48","date_gmt":"2024-01-14T13:47:48","guid":{"rendered":"https:\/\/kolon-guclendirme.com\/buyukcekmece\/karaagac-cam-elyaf-guclendirme\/"},"modified":"2024-01-14T16:47:50","modified_gmt":"2024-01-14T13:47:50","slug":"karaagac-cam-elyaf-guclendirme","status":"publish","type":"post","link":"https:\/\/kolon-guclendirme.com\/buyukcekmece\/karaagac-cam-elyaf-guclendirme\/","title":{"rendered":"Karaa\u011fa\u00e7 cam elyaf g\u00fc\u00e7lendirme"},"content":{"rendered":"<p>Karaa\u011fa\u00e7 Mahallesi&#8217;nde Cam Elyaf G\u00fc\u00e7lendirme \u00c7al\u0131\u015fmalar\u0131<\/p>\n<p>\u0130stanbul&#8217;un B\u00fcy\u00fck\u00e7ekmece il\u00e7esine ba\u011fl\u0131 Karaa\u011fa\u00e7 Mahallesi&#8217;nde, binalar\u0131n depreme dayan\u0131kl\u0131l\u0131\u011f\u0131n\u0131 art\u0131rmak i\u00e7in cam elyaf g\u00fc\u00e7lendirme \u00e7al\u0131\u015fmalar\u0131 ba\u015flat\u0131ld\u0131. Bu \u00e7al\u0131\u015fmalar kapsam\u0131nda, binalar\u0131n kolon ve kiri\u015flerine cam elyaf malzemeler uygulanarak g\u00fc\u00e7lendirme yap\u0131l\u0131yor. Cam elyaf g\u00fc\u00e7lendirme, binalar\u0131n deprem s\u0131ras\u0131nda olu\u015fan titre\u015fimleri emerek hasar g\u00f6rmesini \u00f6nl\u00fcyor. Ayr\u0131ca, bu y\u00f6ntem binalar\u0131n \u00f6mr\u00fcn\u00fc de uzat\u0131yor.<\/p>\n<p>Karaa\u011fa\u00e7 Mahallesi&#8217;nde y\u00fcr\u00fct\u00fclen cam elyaf g\u00fc\u00e7lendirme \u00e7al\u0131\u015fmalar\u0131, mahalle sakinleri taraf\u0131ndan memnuniyetle kar\u015f\u0131lan\u0131yor. Mahalle sakinleri, bu \u00e7al\u0131\u015fmalar\u0131n binalar\u0131n\u0131n depreme dayan\u0131kl\u0131l\u0131\u011f\u0131n\u0131 art\u0131raca\u011f\u0131n\u0131 ve b\u00f6ylece daha g\u00fcvenli bir \u015fekilde ya\u015fayacaklar\u0131n\u0131 ifade ediyorlar.<\/p>\n<p>Cam elyaf g\u00fc\u00e7lendirme \u00e7al\u0131\u015fmalar\u0131 tamamland\u0131\u011f\u0131nda, Karaa\u011fa\u00e7 Mahallesi&#8217;ndeki binalar depreme daha dayan\u0131kl\u0131 hale gelecek ve mahalle sakinleri daha g\u00fcvenli bir \u015fekilde ya\u015fayabilecekler.<div id='gallery-1' class='gallery galleryid-1823 gallery-columns-2 gallery-size-large'><figure class='gallery-item'>\n\t\t\t<div class='gallery-icon portrait'>\n\t\t\t\t<a href='https:\/\/kolon-guclendirme.com\/buyukcekmece\/wp-content\/uploads\/sites\/35\/2023\/09\/Buyukcekmece-Carbon-lif-teras-guclendirme-fiyati-33668.webp'><img loading=\"lazy\" decoding=\"async\" width=\"853\" height=\"1200\" src=\"https:\/\/kolon-guclendirme.com\/buyukcekmece\/wp-content\/uploads\/sites\/35\/2023\/09\/Buyukcekmece-Carbon-lif-teras-guclendirme-fiyati-33668.webp\" class=\"attachment-large size-large\" alt=\"Ahmediye Frp teras g\u00fc\u00e7lendirme sistemleri\" srcset=\"https:\/\/kolon-guclendirme.com\/buyukcekmece\/wp-content\/uploads\/sites\/35\/2023\/09\/Buyukcekmece-Carbon-lif-teras-guclendirme-fiyati-33668.webp 853w, https:\/\/kolon-guclendirme.com\/buyukcekmece\/wp-content\/uploads\/sites\/35\/2023\/09\/Buyukcekmece-Carbon-lif-teras-guclendirme-fiyati-33668-768x1080.webp 768w\" sizes=\"(max-width: 853px) 100vw, 853px\" \/><\/a>\n\t\t\t<\/div><\/figure><figure class='gallery-item'>\n\t\t\t<div class='gallery-icon portrait'>\n\t\t\t\t<a href='https:\/\/kolon-guclendirme.com\/buyukcekmece\/wp-content\/uploads\/sites\/35\/2023\/09\/Buyukcekmece-Yapi-karbon-fiber-kaplama-yapanlar-24656.webp'><img loading=\"lazy\" decoding=\"async\" width=\"853\" height=\"1200\" src=\"https:\/\/kolon-guclendirme.com\/buyukcekmece\/wp-content\/uploads\/sites\/35\/2023\/09\/Buyukcekmece-Yapi-karbon-fiber-kaplama-yapanlar-24656.webp\" class=\"attachment-large size-large\" alt=\"Fatih Carbon fiber zemin kaplama maliyeti\" aria-describedby=\"gallery-1-1657\" srcset=\"https:\/\/kolon-guclendirme.com\/buyukcekmece\/wp-content\/uploads\/sites\/35\/2023\/09\/Buyukcekmece-Yapi-karbon-fiber-kaplama-yapanlar-24656.webp 853w, https:\/\/kolon-guclendirme.com\/buyukcekmece\/wp-content\/uploads\/sites\/35\/2023\/09\/Buyukcekmece-Yapi-karbon-fiber-kaplama-yapanlar-24656-768x1080.webp 768w\" sizes=\"(max-width: 853px) 100vw, 853px\" \/><\/a>\n\t\t\t<\/div>\n\t\t\t\t<figcaption class='wp-caption-text gallery-caption' id='gallery-1-1657'>\n\t\t\t\tB\u00fcy\u00fck\u00e7ekmece Yapi karbon fiber kaplama yapanlar 24656\n\t\t\t\t<\/figcaption><\/figure>\n\t\t<\/div>\n<\/p>\n","protected":false},"excerpt":{"rendered":"<p>Karaa\u011fa\u00e7 Mahallesi&#8217;nde Cam Elyaf G\u00fc\u00e7lendirme \u00c7al\u0131\u015fmalar\u0131 \u0130stanbul&#8217;un B\u00fcy\u00fck\u00e7ekmece il\u00e7esine ba\u011fl\u0131 Karaa\u011fa\u00e7 Mahallesi&#8217;nde, binalar\u0131n depreme dayan\u0131kl\u0131l\u0131\u011f\u0131n\u0131 art\u0131rmak i\u00e7in cam elyaf g\u00fc\u00e7lendirme \u00e7al\u0131\u015fmalar\u0131 ba\u015flat\u0131ld\u0131. Bu \u00e7al\u0131\u015fmalar kapsam\u0131nda, binalar\u0131n kolon ve kiri\u015flerine cam &#8230;<\/p>\n","protected":false},"author":1,"featured_media":1528,"comment_status":"closed","ping_status":"open","sticky":false,"template":"","format":"standard","meta":{"footnotes":""},"categories":[199],"tags":[60,40,3,120,200],"_links":{"self":[{"href":"https:\/\/kolon-guclendirme.com\/buyukcekmece\/wp-json\/wp\/v2\/posts\/1823"}],"collection":[{"href":"https:\/\/kolon-guclendirme.com\/buyukcekmece\/wp-json\/wp\/v2\/posts"}],"about":[{"href":"https:\/\/kolon-guclendirme.com\/buyukcekmece\/wp-json\/wp\/v2\/types\/post"}],"author":[{"embeddable":true,"href":"https:\/\/kolon-guclendirme.com\/buyukcekmece\/wp-json\/wp\/v2\/users\/1"}],"replies":[{"embeddable":true,"href":"https:\/\/kolon-guclendirme.com\/buyukcekmece\/wp-json\/wp\/v2\/comments?post=1823"}],"version-history":[{"count":1,"href":"https:\/\/kolon-guclendirme.com\/buyukcekmece\/wp-json\/wp\/v2\/posts\/1823\/revisions"}],"predecessor-version":[{"id":1824,"href":"https:\/\/kolon-guclendirme.com\/buyukcekmece\/wp-json\/wp\/v2\/posts\/1823\/revisions\/1824"}],"wp:featuredmedia":[{"embeddable":true,"href":"https:\/\/kolon-guclendirme.com\/buyukcekmece\/wp-json\/wp\/v2\/media\/1528"}],"wp:attachment":[{"href":"https:\/\/kolon-guclendirme.com\/buyukcekmece\/wp-json\/wp\/v2\/media?parent=1823"}],"wp:term":[{"taxonomy":"category","embeddable":true,"href":"https:\/\/kolon-guclendirme.com\/buyukcekmece\/wp-json\/wp\/v2\/categories?post=1823"},{"taxonomy":"post_tag","embeddable":true,"href":"https:\/\/kolon-guclendirme.com\/buyukcekmece\/wp-json\/wp\/v2\/tags?post=1823"}],"curies":[{"name":"wp","href":"https:\/\/api.w.org\/{rel}","templated":true}]}}