{"id":122,"date":"2023-10-01T11:26:19","date_gmt":"2023-10-01T08:26:19","guid":{"rendered":"https:\/\/kolon-guclendirme.com\/buyukcekmece\/buyukcekmece-kiris-karbon-lif-kaplama-fiyatlari\/"},"modified":"2023-10-01T11:26:19","modified_gmt":"2023-10-01T08:26:19","slug":"buyukcekmece-kiris-karbon-lif-kaplama-fiyatlari","status":"publish","type":"post","link":"https:\/\/kolon-guclendirme.com\/buyukcekmece\/buyukcekmece-kiris-karbon-lif-kaplama-fiyatlari\/","title":{"rendered":"B\u00fcy\u00fck\u00e7ekmece Kiri\u015f karbon lif kaplama fiyatlar\u0131"},"content":{"rendered":"<p>B\u00fcy\u00fck\u00e7ekmece kiri\u015f karbon lif kaplama fiyatlar\u0131, karbon lif kaplama yap\u0131lacak kiri\u015fin b\u00fcy\u00fckl\u00fc\u011f\u00fcne, kaplama i\u015fleminin yap\u0131laca\u011f\u0131 alana ve kaplama i\u015fleminin yap\u0131laca\u011f\u0131 y\u00fczeye g\u00f6re de\u011fi\u015fmektedir. Yani kaplama yap\u0131lacak kiri\u015fin b\u00fcy\u00fckl\u00fc\u011f\u00fc ne kadar b\u00fcy\u00fckse fiyat da o oranda artmaktad\u0131r. Ayr\u0131ca kaplama yap\u0131lacak alan\u0131n b\u00fcy\u00fckl\u00fc\u011f\u00fcne g\u00f6re de fiyat de\u011fi\u015fmektedir. \u00d6rne\u011fin; bir odan\u0131n tamam\u0131n\u0131 kaplayacaksan\u0131z, bir oda kap\u0131s\u0131n\u0131n kaplamas\u0131 i\u00e7in fiyat farkl\u0131l\u0131k g\u00f6sterecektir.<\/p>\n<p>        <!-- \/wp:paragraph --><\/p>\n<div id='gallery-1' class='gallery galleryid-122 gallery-columns-2 gallery-size-large'><figure class='gallery-item'>\n\t\t\t<div class='gallery-icon portrait'>\n\t\t\t\t<a href='https:\/\/kolon-guclendirme.com\/buyukcekmece\/wp-content\/uploads\/sites\/35\/2023\/09\/Buyukcekmece-5-katli-yapi-karbon-guclendirme-firmasi-47833.webp'><img loading=\"lazy\" decoding=\"async\" width=\"853\" height=\"1200\" src=\"https:\/\/kolon-guclendirme.com\/buyukcekmece\/wp-content\/uploads\/sites\/35\/2023\/09\/Buyukcekmece-5-katli-yapi-karbon-guclendirme-firmasi-47833.webp\" class=\"attachment-large size-large\" alt=\"\" srcset=\"https:\/\/kolon-guclendirme.com\/buyukcekmece\/wp-content\/uploads\/sites\/35\/2023\/09\/Buyukcekmece-5-katli-yapi-karbon-guclendirme-firmasi-47833.webp 853w, https:\/\/kolon-guclendirme.com\/buyukcekmece\/wp-content\/uploads\/sites\/35\/2023\/09\/Buyukcekmece-5-katli-yapi-karbon-guclendirme-firmasi-47833-768x1080.webp 768w\" sizes=\"(max-width: 853px) 100vw, 853px\" \/><\/a>\n\t\t\t<\/div><\/figure><figure class='gallery-item'>\n\t\t\t<div class='gallery-icon portrait'>\n\t\t\t\t<a href='https:\/\/kolon-guclendirme.com\/buyukcekmece\/wp-content\/uploads\/sites\/35\/2023\/09\/Buyukcekmece-Carbon-elyaf-bina-kaplama-malzemesi-78649.webp'><img loading=\"lazy\" decoding=\"async\" width=\"853\" height=\"1200\" src=\"https:\/\/kolon-guclendirme.com\/buyukcekmece\/wp-content\/uploads\/sites\/35\/2023\/09\/Buyukcekmece-Carbon-elyaf-bina-kaplama-malzemesi-78649.webp\" class=\"attachment-large size-large\" alt=\"\" srcset=\"https:\/\/kolon-guclendirme.com\/buyukcekmece\/wp-content\/uploads\/sites\/35\/2023\/09\/Buyukcekmece-Carbon-elyaf-bina-kaplama-malzemesi-78649.webp 853w, https:\/\/kolon-guclendirme.com\/buyukcekmece\/wp-content\/uploads\/sites\/35\/2023\/09\/Buyukcekmece-Carbon-elyaf-bina-kaplama-malzemesi-78649-768x1080.webp 768w\" sizes=\"(max-width: 853px) 100vw, 853px\" \/><\/a>\n\t\t\t<\/div><\/figure>\n\t\t<\/div>\n\n","protected":false},"excerpt":{"rendered":"<p>B\u00fcy\u00fck\u00e7ekmece kiri\u015f karbon lif kaplama fiyatlar\u0131, karbon lif kaplama yap\u0131lacak kiri\u015fin b\u00fcy\u00fckl\u00fc\u011f\u00fcne, kaplama i\u015fleminin yap\u0131laca\u011f\u0131 alana ve kaplama i\u015fleminin yap\u0131laca\u011f\u0131 y\u00fczeye g\u00f6re de\u011fi\u015fmektedir. Yani kaplama yap\u0131lacak kiri\u015fin b\u00fcy\u00fckl\u00fc\u011f\u00fc ne kadar &#8230;<\/p>\n","protected":false},"author":1,"featured_media":1673,"comment_status":"open","ping_status":"open","sticky":false,"template":"","format":"standard","meta":{"footnotes":""},"categories":[1],"tags":[102,35,16,5,101],"_links":{"self":[{"href":"https:\/\/kolon-guclendirme.com\/buyukcekmece\/wp-json\/wp\/v2\/posts\/122"}],"collection":[{"href":"https:\/\/kolon-guclendirme.com\/buyukcekmece\/wp-json\/wp\/v2\/posts"}],"about":[{"href":"https:\/\/kolon-guclendirme.com\/buyukcekmece\/wp-json\/wp\/v2\/types\/post"}],"author":[{"embeddable":true,"href":"https:\/\/kolon-guclendirme.com\/buyukcekmece\/wp-json\/wp\/v2\/users\/1"}],"replies":[{"embeddable":true,"href":"https:\/\/kolon-guclendirme.com\/buyukcekmece\/wp-json\/wp\/v2\/comments?post=122"}],"version-history":[{"count":1,"href":"https:\/\/kolon-guclendirme.com\/buyukcekmece\/wp-json\/wp\/v2\/posts\/122\/revisions"}],"predecessor-version":[{"id":1730,"href":"https:\/\/kolon-guclendirme.com\/buyukcekmece\/wp-json\/wp\/v2\/posts\/122\/revisions\/1730"}],"wp:featuredmedia":[{"embeddable":true,"href":"https:\/\/kolon-guclendirme.com\/buyukcekmece\/wp-json\/wp\/v2\/media\/1673"}],"wp:attachment":[{"href":"https:\/\/kolon-guclendirme.com\/buyukcekmece\/wp-json\/wp\/v2\/media?parent=122"}],"wp:term":[{"taxonomy":"category","embeddable":true,"href":"https:\/\/kolon-guclendirme.com\/buyukcekmece\/wp-json\/wp\/v2\/categories?post=122"},{"taxonomy":"post_tag","embeddable":true,"href":"https:\/\/kolon-guclendirme.com\/buyukcekmece\/wp-json\/wp\/v2\/tags?post=122"}],"curies":[{"name":"wp","href":"https:\/\/api.w.org\/{rel}","templated":true}]}}