{"id":218,"date":"2023-10-01T11:25:12","date_gmt":"2023-10-01T08:25:12","guid":{"rendered":"https:\/\/kolon-guclendirme.com\/bursa\/bursa-karbon-elyaf-teras-guclendirme-maliyeti\/"},"modified":"2023-10-01T11:25:12","modified_gmt":"2023-10-01T08:25:12","slug":"bursa-karbon-elyaf-teras-guclendirme-maliyeti","status":"publish","type":"post","link":"https:\/\/kolon-guclendirme.com\/bursa\/bursa-karbon-elyaf-teras-guclendirme-maliyeti\/","title":{"rendered":"Bursa Karbon elyaf teras g\u00fc\u00e7lendirme maliyeti"},"content":{"rendered":"<p>Karbon elyaf teras g\u00fc\u00e7lendirme, \u00e7at\u0131lar i\u00e7in kullan\u0131lan maliyet etkin bir \u00e7\u00f6z\u00fcmd\u00fcr. Y\u00fcksek kaliteli malzemeler kullan\u0131larak \u00e7at\u0131lar\u0131n dayan\u0131kl\u0131l\u0131\u011f\u0131n\u0131 ve \u00f6mr\u00fcn\u00fc artt\u0131r\u0131r. Bursa\u2019da karbon elyaf teras g\u00fc\u00e7lendirme maliyeti, i\u015fin b\u00fcy\u00fckl\u00fc\u011f\u00fcne ve kalitesine ba\u011fl\u0131 olarak de\u011fi\u015fmektedir. Uzmanlar, karbon elyaf teras g\u00fc\u00e7lendirmesinin, \u00e7at\u0131lar\u0131n \u00f6mr\u00fcn\u00fc ve dayan\u0131kl\u0131l\u0131\u011f\u0131n\u0131 artt\u0131rmak i\u00e7in \u00e7ok \u00f6nemli oldu\u011funu vurguluyor. Ayr\u0131ca, \u00e7at\u0131lar\u0131n su ge\u00e7irmez olmas\u0131n\u0131 sa\u011flayarak \u00e7at\u0131n\u0131n zarar g\u00f6rmesini \u00f6nler. Bursa\u2019da karbon elyaf teras g\u00fc\u00e7lendirme maliyeti artt\u0131r\u0131c<\/p>\n<p>        <!-- \/wp:paragraph --><\/p>\n<div id='gallery-1' class='gallery galleryid-218 gallery-columns-2 gallery-size-large'><figure class='gallery-item'>\n\t\t\t<div class='gallery-icon portrait'>\n\t\t\t\t<a href='https:\/\/kolon-guclendirme.com\/bursa\/wp-content\/uploads\/sites\/34\/2023\/09\/Bursa-Kolon-karbon-kece-guclendirme-fiyati-47651.webp'><img loading=\"lazy\" decoding=\"async\" width=\"853\" height=\"1200\" src=\"https:\/\/kolon-guclendirme.com\/bursa\/wp-content\/uploads\/sites\/34\/2023\/09\/Bursa-Kolon-karbon-kece-guclendirme-fiyati-47651.webp\" class=\"attachment-large size-large\" alt=\"Gemlik Karbon fiber epoksi kaplama firmas\u0131\" srcset=\"https:\/\/kolon-guclendirme.com\/bursa\/wp-content\/uploads\/sites\/34\/2023\/09\/Bursa-Kolon-karbon-kece-guclendirme-fiyati-47651.webp 853w, https:\/\/kolon-guclendirme.com\/bursa\/wp-content\/uploads\/sites\/34\/2023\/09\/Bursa-Kolon-karbon-kece-guclendirme-fiyati-47651-768x1080.webp 768w\" sizes=\"(max-width: 853px) 100vw, 853px\" \/><\/a>\n\t\t\t<\/div><\/figure><figure class='gallery-item'>\n\t\t\t<div class='gallery-icon portrait'>\n\t\t\t\t<a href='https:\/\/kolon-guclendirme.com\/bursa\/wp-content\/uploads\/sites\/34\/2023\/09\/Bursa-Yapisal-mukavemet-5812.webp'><img loading=\"lazy\" decoding=\"async\" width=\"853\" height=\"1200\" src=\"https:\/\/kolon-guclendirme.com\/bursa\/wp-content\/uploads\/sites\/34\/2023\/09\/Bursa-Yapisal-mukavemet-5812.webp\" class=\"attachment-large size-large\" alt=\"Yeni\u015fehir Karbon elyaf epoksi g\u00fc\u00e7lendirme sistemleri\" srcset=\"https:\/\/kolon-guclendirme.com\/bursa\/wp-content\/uploads\/sites\/34\/2023\/09\/Bursa-Yapisal-mukavemet-5812.webp 853w, https:\/\/kolon-guclendirme.com\/bursa\/wp-content\/uploads\/sites\/34\/2023\/09\/Bursa-Yapisal-mukavemet-5812-768x1080.webp 768w\" sizes=\"(max-width: 853px) 100vw, 853px\" \/><\/a>\n\t\t\t<\/div><\/figure>\n\t\t<\/div>\n\n","protected":false},"excerpt":{"rendered":"<p>Karbon elyaf teras g\u00fc\u00e7lendirme, \u00e7at\u0131lar i\u00e7in kullan\u0131lan maliyet etkin bir \u00e7\u00f6z\u00fcmd\u00fcr. Y\u00fcksek kaliteli malzemeler kullan\u0131larak \u00e7at\u0131lar\u0131n dayan\u0131kl\u0131l\u0131\u011f\u0131n\u0131 ve \u00f6mr\u00fcn\u00fc artt\u0131r\u0131r. Bursa\u2019da karbon elyaf teras g\u00fc\u00e7lendirme maliyeti, i\u015fin b\u00fcy\u00fckl\u00fc\u011f\u00fcne ve kalitesine &#8230;<\/p>\n","protected":false},"author":1,"featured_media":1631,"comment_status":"open","ping_status":"open","sticky":false,"template":"","format":"standard","meta":{"footnotes":""},"categories":[1],"tags":[73,16,5,18,22],"_links":{"self":[{"href":"https:\/\/kolon-guclendirme.com\/bursa\/wp-json\/wp\/v2\/posts\/218"}],"collection":[{"href":"https:\/\/kolon-guclendirme.com\/bursa\/wp-json\/wp\/v2\/posts"}],"about":[{"href":"https:\/\/kolon-guclendirme.com\/bursa\/wp-json\/wp\/v2\/types\/post"}],"author":[{"embeddable":true,"href":"https:\/\/kolon-guclendirme.com\/bursa\/wp-json\/wp\/v2\/users\/1"}],"replies":[{"embeddable":true,"href":"https:\/\/kolon-guclendirme.com\/bursa\/wp-json\/wp\/v2\/comments?post=218"}],"version-history":[{"count":1,"href":"https:\/\/kolon-guclendirme.com\/bursa\/wp-json\/wp\/v2\/posts\/218\/revisions"}],"predecessor-version":[{"id":1714,"href":"https:\/\/kolon-guclendirme.com\/bursa\/wp-json\/wp\/v2\/posts\/218\/revisions\/1714"}],"wp:featuredmedia":[{"embeddable":true,"href":"https:\/\/kolon-guclendirme.com\/bursa\/wp-json\/wp\/v2\/media\/1631"}],"wp:attachment":[{"href":"https:\/\/kolon-guclendirme.com\/bursa\/wp-json\/wp\/v2\/media?parent=218"}],"wp:term":[{"taxonomy":"category","embeddable":true,"href":"https:\/\/kolon-guclendirme.com\/bursa\/wp-json\/wp\/v2\/categories?post=218"},{"taxonomy":"post_tag","embeddable":true,"href":"https:\/\/kolon-guclendirme.com\/bursa\/wp-json\/wp\/v2\/tags?post=218"}],"curies":[{"name":"wp","href":"https:\/\/api.w.org\/{rel}","templated":true}]}}