{"id":206,"date":"2023-10-01T11:24:17","date_gmt":"2023-10-01T08:24:17","guid":{"rendered":"https:\/\/kolon-guclendirme.com\/burdur\/burdur-duvar-frp-fiber-kaplama-ustasi\/"},"modified":"2023-10-01T11:24:18","modified_gmt":"2023-10-01T08:24:18","slug":"burdur-duvar-frp-fiber-kaplama-ustasi","status":"publish","type":"post","link":"https:\/\/kolon-guclendirme.com\/burdur\/burdur-duvar-frp-fiber-kaplama-ustasi\/","title":{"rendered":"Burdur Duvar frp fiber kaplama ustas\u0131"},"content":{"rendered":"<p>Burdur\u2019da duvar kaplama i\u015fleri i\u00e7in profesyonel bir usta ar\u0131yorsan\u0131z, FRP fiber kaplama ustas\u0131n\u0131 aramal\u0131s\u0131n\u0131z. FRP fiber kaplama, \u00e7ok dayan\u0131kl\u0131 ve kullan\u0131m\u0131 kolay bir malzemedir. Bu malzeme, duvarlar\u0131n daha uzun s\u00fcre dayan\u0131kl\u0131 kalmas\u0131n\u0131 ve kolay temizlenmesini sa\u011flar. FRP fiber kaplama ustas\u0131, duvarlar\u0131n\u0131z\u0131n uzun \u00f6m\u00fcrl\u00fc ve g\u00fczel g\u00f6r\u00fcnmesini sa\u011flayacakt\u0131r. Usta, duvarlar\u0131n\u0131z\u0131n \u00f6zel ihtiya\u00e7lar\u0131n\u0131z\u0131 kar\u015f\u0131lamas\u0131n\u0131 sa\u011flayacak \u00f6zel malzemeler kullanacakt\u0131r. Usta, duvarlar\u0131n\u0131z\u0131n uzun \u00f6m\u00fcrl\u00fc ve g\u00fczel g\u00f6r\u00fcnmesini sa\u011flayacakt\u0131r. Burdur\u2019da FRP fiber kaplama ustas\u0131n\u0131 aramak i\u00e7in, prof<\/p>\n<p>        <!-- \/wp:paragraph --><\/p>\n<div id='gallery-1' class='gallery galleryid-206 gallery-columns-2 gallery-size-large'><figure class='gallery-item'>\n\t\t\t<div class='gallery-icon portrait'>\n\t\t\t\t<a href='https:\/\/kolon-guclendirme.com\/burdur\/wp-content\/uploads\/sites\/33\/2023\/09\/Burdur-Yapi-frp-kumas-guclendirme-70469.webp'><img loading=\"lazy\" decoding=\"async\" width=\"853\" height=\"1200\" src=\"https:\/\/kolon-guclendirme.com\/burdur\/wp-content\/uploads\/sites\/33\/2023\/09\/Burdur-Yapi-frp-kumas-guclendirme-70469.webp\" class=\"attachment-large size-large\" alt=\"Karamanl\u0131 Carbon elyaf bina kaplama malzemesi\" srcset=\"https:\/\/kolon-guclendirme.com\/burdur\/wp-content\/uploads\/sites\/33\/2023\/09\/Burdur-Yapi-frp-kumas-guclendirme-70469.webp 853w, https:\/\/kolon-guclendirme.com\/burdur\/wp-content\/uploads\/sites\/33\/2023\/09\/Burdur-Yapi-frp-kumas-guclendirme-70469-768x1080.webp 768w\" sizes=\"(max-width: 853px) 100vw, 853px\" \/><\/a>\n\t\t\t<\/div><\/figure><figure class='gallery-item'>\n\t\t\t<div class='gallery-icon portrait'>\n\t\t\t\t<a href='https:\/\/kolon-guclendirme.com\/burdur\/wp-content\/uploads\/sites\/33\/2023\/09\/Burdur-Frp-elyaf-teras-guclendirme-yapanlar-19825.webp'><img loading=\"lazy\" decoding=\"async\" width=\"853\" height=\"1200\" src=\"https:\/\/kolon-guclendirme.com\/burdur\/wp-content\/uploads\/sites\/33\/2023\/09\/Burdur-Frp-elyaf-teras-guclendirme-yapanlar-19825.webp\" class=\"attachment-large size-large\" alt=\"Burdur  Kolon karbon elyaf g\u00fc\u00e7lendirme yapanlar\" srcset=\"https:\/\/kolon-guclendirme.com\/burdur\/wp-content\/uploads\/sites\/33\/2023\/09\/Burdur-Frp-elyaf-teras-guclendirme-yapanlar-19825.webp 853w, https:\/\/kolon-guclendirme.com\/burdur\/wp-content\/uploads\/sites\/33\/2023\/09\/Burdur-Frp-elyaf-teras-guclendirme-yapanlar-19825-768x1080.webp 768w\" sizes=\"(max-width: 853px) 100vw, 853px\" \/><\/a>\n\t\t\t<\/div><\/figure>\n\t\t<\/div>\n\n","protected":false},"excerpt":{"rendered":"<p>Burdur\u2019da duvar kaplama i\u015fleri i\u00e7in profesyonel bir usta ar\u0131yorsan\u0131z, FRP fiber kaplama ustas\u0131n\u0131 aramal\u0131s\u0131n\u0131z. FRP fiber kaplama, \u00e7ok dayan\u0131kl\u0131 ve kullan\u0131m\u0131 kolay bir malzemedir. Bu malzeme, duvarlar\u0131n daha uzun s\u00fcre &#8230;<\/p>\n","protected":false},"author":1,"featured_media":1480,"comment_status":"open","ping_status":"open","sticky":false,"template":"","format":"standard","meta":{"footnotes":""},"categories":[1],"tags":[72,4,10,73,71],"_links":{"self":[{"href":"https:\/\/kolon-guclendirme.com\/burdur\/wp-json\/wp\/v2\/posts\/206"}],"collection":[{"href":"https:\/\/kolon-guclendirme.com\/burdur\/wp-json\/wp\/v2\/posts"}],"about":[{"href":"https:\/\/kolon-guclendirme.com\/burdur\/wp-json\/wp\/v2\/types\/post"}],"author":[{"embeddable":true,"href":"https:\/\/kolon-guclendirme.com\/burdur\/wp-json\/wp\/v2\/users\/1"}],"replies":[{"embeddable":true,"href":"https:\/\/kolon-guclendirme.com\/burdur\/wp-json\/wp\/v2\/comments?post=206"}],"version-history":[{"count":1,"href":"https:\/\/kolon-guclendirme.com\/burdur\/wp-json\/wp\/v2\/posts\/206\/revisions"}],"predecessor-version":[{"id":1716,"href":"https:\/\/kolon-guclendirme.com\/burdur\/wp-json\/wp\/v2\/posts\/206\/revisions\/1716"}],"wp:featuredmedia":[{"embeddable":true,"href":"https:\/\/kolon-guclendirme.com\/burdur\/wp-json\/wp\/v2\/media\/1480"}],"wp:attachment":[{"href":"https:\/\/kolon-guclendirme.com\/burdur\/wp-json\/wp\/v2\/media?parent=206"}],"wp:term":[{"taxonomy":"category","embeddable":true,"href":"https:\/\/kolon-guclendirme.com\/burdur\/wp-json\/wp\/v2\/categories?post=206"},{"taxonomy":"post_tag","embeddable":true,"href":"https:\/\/kolon-guclendirme.com\/burdur\/wp-json\/wp\/v2\/tags?post=206"}],"curies":[{"name":"wp","href":"https:\/\/api.w.org\/{rel}","templated":true}]}}