{"id":71,"date":"2023-10-01T11:20:55","date_gmt":"2023-10-01T08:20:55","guid":{"rendered":"https:\/\/kolon-guclendirme.com\/besiktas\/besiktas-konaklar-frp-kece-bina-guclendirme-9543\/"},"modified":"2023-10-01T11:20:56","modified_gmt":"2023-10-01T08:20:56","slug":"besiktas-konaklar-frp-kece-bina-guclendirme-9543","status":"publish","type":"post","link":"https:\/\/kolon-guclendirme.com\/besiktas\/besiktas-konaklar-frp-kece-bina-guclendirme-9543\/","title":{"rendered":"Be\u015fikta\u015f Konaklar Frp ke\u00e7e bina g\u00fc\u00e7lendirme"},"content":{"rendered":"<p>Be\u015fikta\u015f Konaklar Frp ke\u00e7e bina g\u00fc\u00e7lendirme 9543 Dikilita\u015f Karbon elyaf bina g\u00fc\u00e7lendirme maliyeti 2331, Levent 4 katl\u0131 apartman g\u00fc\u00e7lendirme firmalar\u0131 5774, Bebek Karbon ke\u00e7e teras g\u00fc\u00e7lendirme firmas\u0131 7037, Sinanpa\u015fa Balkon karbon g\u00fc\u00e7lendirme maliyeti 5140, Kuru\u00e7e\u015fme Zemin karbon fiber g\u00fc\u00e7lendirme fiyatlar\u0131 8516, Cihann\u00fcma Duvar frp kaplama ustas\u0131 985 Be\u015fikta\u015f ve Abbasa\u011fa de Hizmet vermekteyiz Karbon Fiber Kolon Kiri\u015f G\u00fc\u00e7lendirme i\u015flerinizde En uygun Fiyat Kaliteli i\u015f\u00e7ilik i\u00e7in 7\/24 Saat Firmam\u0131z ile ileti\u015fime Ge\u00e7ebilirsiniz www.karbonfiberbinaguclendirme.com +905427483855<\/p>\n<p>        <!-- \/wp:paragraph --><\/p>\n<div id='gallery-1' class='gallery galleryid-71 gallery-columns-2 gallery-size-large'><figure class='gallery-item'>\n\t\t\t<div class='gallery-icon portrait'>\n\t\t\t\t<a href='https:\/\/kolon-guclendirme.com\/besiktas\/wp-content\/uploads\/sites\/29\/2023\/09\/Besiktas-Frp-bina-guclendirme-sistemleri-85329.webp'><img loading=\"lazy\" decoding=\"async\" width=\"853\" height=\"1200\" src=\"https:\/\/kolon-guclendirme.com\/besiktas\/wp-content\/uploads\/sites\/29\/2023\/09\/Besiktas-Frp-bina-guclendirme-sistemleri-85329.webp\" class=\"attachment-large size-large\" alt=\"Arnavutk\u00f6y Tavan karbon lif g\u00fc\u00e7lendirme ustas\u0131\" srcset=\"https:\/\/kolon-guclendirme.com\/besiktas\/wp-content\/uploads\/sites\/29\/2023\/09\/Besiktas-Frp-bina-guclendirme-sistemleri-85329.webp 853w, https:\/\/kolon-guclendirme.com\/besiktas\/wp-content\/uploads\/sites\/29\/2023\/09\/Besiktas-Frp-bina-guclendirme-sistemleri-85329-768x1080.webp 768w\" sizes=\"(max-width: 853px) 100vw, 853px\" \/><\/a>\n\t\t\t<\/div><\/figure>\n\t\t<\/div>\n\n","protected":false},"excerpt":{"rendered":"<p>Be\u015fikta\u015f Konaklar Frp ke\u00e7e bina g\u00fc\u00e7lendirme 9543 Dikilita\u015f Karbon elyaf bina g\u00fc\u00e7lendirme maliyeti 2331, Levent 4 katl\u0131 apartman g\u00fc\u00e7lendirme firmalar\u0131 5774, Bebek Karbon ke\u00e7e teras g\u00fc\u00e7lendirme firmas\u0131 7037, Sinanpa\u015fa Balkon &#8230;<\/p>\n","protected":false},"author":1,"featured_media":1569,"comment_status":"open","ping_status":"open","sticky":false,"template":"","format":"standard","meta":{"footnotes":""},"categories":[1],"tags":[22,6,5,10,105],"_links":{"self":[{"href":"https:\/\/kolon-guclendirme.com\/besiktas\/wp-json\/wp\/v2\/posts\/71"}],"collection":[{"href":"https:\/\/kolon-guclendirme.com\/besiktas\/wp-json\/wp\/v2\/posts"}],"about":[{"href":"https:\/\/kolon-guclendirme.com\/besiktas\/wp-json\/wp\/v2\/types\/post"}],"author":[{"embeddable":true,"href":"https:\/\/kolon-guclendirme.com\/besiktas\/wp-json\/wp\/v2\/users\/1"}],"replies":[{"embeddable":true,"href":"https:\/\/kolon-guclendirme.com\/besiktas\/wp-json\/wp\/v2\/comments?post=71"}],"version-history":[{"count":1,"href":"https:\/\/kolon-guclendirme.com\/besiktas\/wp-json\/wp\/v2\/posts\/71\/revisions"}],"predecessor-version":[{"id":1750,"href":"https:\/\/kolon-guclendirme.com\/besiktas\/wp-json\/wp\/v2\/posts\/71\/revisions\/1750"}],"wp:featuredmedia":[{"embeddable":true,"href":"https:\/\/kolon-guclendirme.com\/besiktas\/wp-json\/wp\/v2\/media\/1569"}],"wp:attachment":[{"href":"https:\/\/kolon-guclendirme.com\/besiktas\/wp-json\/wp\/v2\/media?parent=71"}],"wp:term":[{"taxonomy":"category","embeddable":true,"href":"https:\/\/kolon-guclendirme.com\/besiktas\/wp-json\/wp\/v2\/categories?post=71"},{"taxonomy":"post_tag","embeddable":true,"href":"https:\/\/kolon-guclendirme.com\/besiktas\/wp-json\/wp\/v2\/tags?post=71"}],"curies":[{"name":"wp","href":"https:\/\/api.w.org\/{rel}","templated":true}]}}