{"id":200,"date":"2023-10-01T11:20:37","date_gmt":"2023-10-01T08:20:37","guid":{"rendered":"https:\/\/kolon-guclendirme.com\/besiktas\/besiktas-duvar-frp-lif-guclendirme-ustasi\/"},"modified":"2023-10-01T11:20:37","modified_gmt":"2023-10-01T08:20:37","slug":"besiktas-duvar-frp-lif-guclendirme-ustasi","status":"publish","type":"post","link":"https:\/\/kolon-guclendirme.com\/besiktas\/besiktas-duvar-frp-lif-guclendirme-ustasi\/","title":{"rendered":"Be\u015fikta\u015f Duvar frp lif g\u00fc\u00e7lendirme ustas\u0131"},"content":{"rendered":"<p>Be\u015fikta\u015f Duvar FRP Lif G\u00fc\u00e7lendirme Ustas\u0131, duvar g\u00fc\u00e7lendirme i\u015flerinde profesyonel bir \u00e7\u00f6z\u00fcm sunan bir ustad\u0131r. Bu usta, geri d\u00f6n\u00fc\u015f\u00fcm malzemelerinin ve FRP liflerinin kombinasyonu ile duvarlar\u0131n g\u00fc\u00e7lendirilmesini sa\u011flar. Duvarlarda meydana gelen \u00e7atlaklar\u0131n onar\u0131lmas\u0131 veya yeni duvarlar\u0131n in\u015fas\u0131nda FRP liflerinin kullan\u0131m\u0131, y\u00fcksek dayan\u0131m ve kaliteyi garanti eder. Usta, duvarlar\u0131n g\u00fc\u00e7lendirilmesi i\u00e7in kullan\u0131lan FRP liflerinin do\u011fru bir \u015fekilde tak\u0131lmas\u0131n\u0131 ve \u00f6zel bir \u015fekilde i\u015flenmesini sa\u011flar. Bu, duvarlar\u0131n daha uzun s\u00fcre dayanabilecek \u015fekilde tasarlanmas\u0131na ve g\u00fc\u00e7lendirilmesine yard\u0131mc\u0131 olur.<\/p>\n<p>        <!-- \/wp:paragraph --><\/p>\n<div id='gallery-1' class='gallery galleryid-200 gallery-columns-2 gallery-size-large'><figure class='gallery-item'>\n\t\t\t<div class='gallery-icon portrait'>\n\t\t\t\t<a href='https:\/\/kolon-guclendirme.com\/besiktas\/wp-content\/uploads\/sites\/29\/2023\/09\/Besiktas-Frp-elyaf-kiris-guclendirme-ustasi-71278.webp'><img loading=\"lazy\" decoding=\"async\" width=\"853\" height=\"1200\" src=\"https:\/\/kolon-guclendirme.com\/besiktas\/wp-content\/uploads\/sites\/29\/2023\/09\/Besiktas-Frp-elyaf-kiris-guclendirme-ustasi-71278.webp\" class=\"attachment-large size-large\" alt=\"Ortak\u00f6y 2 katl\u0131 apartman g\u00fc\u00e7lendirme firmalar\u0131\" srcset=\"https:\/\/kolon-guclendirme.com\/besiktas\/wp-content\/uploads\/sites\/29\/2023\/09\/Besiktas-Frp-elyaf-kiris-guclendirme-ustasi-71278.webp 853w, https:\/\/kolon-guclendirme.com\/besiktas\/wp-content\/uploads\/sites\/29\/2023\/09\/Besiktas-Frp-elyaf-kiris-guclendirme-ustasi-71278-768x1080.webp 768w\" sizes=\"(max-width: 853px) 100vw, 853px\" \/><\/a>\n\t\t\t<\/div><\/figure><figure class='gallery-item'>\n\t\t\t<div class='gallery-icon portrait'>\n\t\t\t\t<a href='https:\/\/kolon-guclendirme.com\/besiktas\/wp-content\/uploads\/sites\/29\/2023\/09\/Besiktas-Eski-bina-guclendirme-9838.webp'><img loading=\"lazy\" decoding=\"async\" width=\"853\" height=\"1200\" src=\"https:\/\/kolon-guclendirme.com\/besiktas\/wp-content\/uploads\/sites\/29\/2023\/09\/Besiktas-Eski-bina-guclendirme-9838.webp\" class=\"attachment-large size-large\" alt=\"Be\u015fikta\u015f Eski bina guclendirme 9838\" aria-describedby=\"gallery-1-1524\" srcset=\"https:\/\/kolon-guclendirme.com\/besiktas\/wp-content\/uploads\/sites\/29\/2023\/09\/Besiktas-Eski-bina-guclendirme-9838.webp 853w, https:\/\/kolon-guclendirme.com\/besiktas\/wp-content\/uploads\/sites\/29\/2023\/09\/Besiktas-Eski-bina-guclendirme-9838-768x1080.webp 768w\" sizes=\"(max-width: 853px) 100vw, 853px\" \/><\/a>\n\t\t\t<\/div>\n\t\t\t\t<figcaption class='wp-caption-text gallery-caption' id='gallery-1-1524'>\n\t\t\t\tBe\u015fikta\u015f Eski bina guclendirme 9838\n\t\t\t\t<\/figcaption><\/figure>\n\t\t<\/div>\n\n","protected":false},"excerpt":{"rendered":"<p>Be\u015fikta\u015f Duvar FRP Lif G\u00fc\u00e7lendirme Ustas\u0131, duvar g\u00fc\u00e7lendirme i\u015flerinde profesyonel bir \u00e7\u00f6z\u00fcm sunan bir ustad\u0131r. Bu usta, geri d\u00f6n\u00fc\u015f\u00fcm malzemelerinin ve FRP liflerinin kombinasyonu ile duvarlar\u0131n g\u00fc\u00e7lendirilmesini sa\u011flar. Duvarlarda meydana &#8230;<\/p>\n","protected":false},"author":1,"featured_media":1671,"comment_status":"open","ping_status":"open","sticky":false,"template":"","format":"standard","meta":{"footnotes":""},"categories":[1],"tags":[32,65,6,66,67],"_links":{"self":[{"href":"https:\/\/kolon-guclendirme.com\/besiktas\/wp-json\/wp\/v2\/posts\/200"}],"collection":[{"href":"https:\/\/kolon-guclendirme.com\/besiktas\/wp-json\/wp\/v2\/posts"}],"about":[{"href":"https:\/\/kolon-guclendirme.com\/besiktas\/wp-json\/wp\/v2\/types\/post"}],"author":[{"embeddable":true,"href":"https:\/\/kolon-guclendirme.com\/besiktas\/wp-json\/wp\/v2\/users\/1"}],"replies":[{"embeddable":true,"href":"https:\/\/kolon-guclendirme.com\/besiktas\/wp-json\/wp\/v2\/comments?post=200"}],"version-history":[{"count":1,"href":"https:\/\/kolon-guclendirme.com\/besiktas\/wp-json\/wp\/v2\/posts\/200\/revisions"}],"predecessor-version":[{"id":1717,"href":"https:\/\/kolon-guclendirme.com\/besiktas\/wp-json\/wp\/v2\/posts\/200\/revisions\/1717"}],"wp:featuredmedia":[{"embeddable":true,"href":"https:\/\/kolon-guclendirme.com\/besiktas\/wp-json\/wp\/v2\/media\/1671"}],"wp:attachment":[{"href":"https:\/\/kolon-guclendirme.com\/besiktas\/wp-json\/wp\/v2\/media?parent=200"}],"wp:term":[{"taxonomy":"category","embeddable":true,"href":"https:\/\/kolon-guclendirme.com\/besiktas\/wp-json\/wp\/v2\/categories?post=200"},{"taxonomy":"post_tag","embeddable":true,"href":"https:\/\/kolon-guclendirme.com\/besiktas\/wp-json\/wp\/v2\/tags?post=200"}],"curies":[{"name":"wp","href":"https:\/\/api.w.org\/{rel}","templated":true}]}}