{"id":122,"date":"2023-10-01T11:20:43","date_gmt":"2023-10-01T08:20:43","guid":{"rendered":"https:\/\/kolon-guclendirme.com\/besiktas\/besiktas-karbon-kaplama-nasil-yapilir\/"},"modified":"2023-10-01T11:20:44","modified_gmt":"2023-10-01T08:20:44","slug":"besiktas-karbon-kaplama-nasil-yapilir","status":"publish","type":"post","link":"https:\/\/kolon-guclendirme.com\/besiktas\/besiktas-karbon-kaplama-nasil-yapilir\/","title":{"rendered":"Be\u015fikta\u015f Karbon Kaplama Nas\u0131l Yap\u0131l\u0131r"},"content":{"rendered":"<p>Be\u015fikta\u015f Karbon Kaplama Nas\u0131l Yap\u0131l\u0131r? Karbon kaplama, bir\u00e7ok ara\u00e7 ve e\u015fya i\u00e7in g\u00fczel bir g\u00f6r\u00fcn\u00fcm elde etmek i\u00e7in kullan\u0131lan bir y\u00f6ntemdir. Be\u015fikta\u015f karbon kaplama, ara\u00e7lar\u0131n\u0131z\u0131n daha iyi g\u00f6r\u00fcnmesini ve daha uzun s\u00fcre dayanmas\u0131n\u0131 sa\u011flar. Karbon kaplama, ara\u00e7lar\u0131n\u0131z\u0131 daha koruyucu bir tabaka haline getirir ve onlar\u0131 daha g\u00fczel g\u00f6sterir. Be\u015fikta\u015f karbon kaplama, ara\u00e7lar\u0131n\u0131z\u0131n daha uzun s\u00fcre dayanmas\u0131n\u0131 sa\u011flar ve onlar\u0131 daha g\u00fczel g\u00f6sterir.<\/p>\n<p>        <!-- \/wp:paragraph --><\/p>\n<div id='gallery-1' class='gallery galleryid-122 gallery-columns-2 gallery-size-large'><figure class='gallery-item'>\n\t\t\t<div class='gallery-icon portrait'>\n\t\t\t\t<a href='https:\/\/kolon-guclendirme.com\/besiktas\/wp-content\/uploads\/sites\/29\/2023\/09\/Besiktas-Zemin-karbon-lif-kaplama-fiyati-82465.webp'><img loading=\"lazy\" decoding=\"async\" width=\"853\" height=\"1200\" src=\"https:\/\/kolon-guclendirme.com\/besiktas\/wp-content\/uploads\/sites\/29\/2023\/09\/Besiktas-Zemin-karbon-lif-kaplama-fiyati-82465.webp\" class=\"attachment-large size-large\" alt=\"Kuru\u00e7e\u015fme Karbon elyaf zemin g\u00fc\u00e7lendirme fiyat\u0131\" srcset=\"https:\/\/kolon-guclendirme.com\/besiktas\/wp-content\/uploads\/sites\/29\/2023\/09\/Besiktas-Zemin-karbon-lif-kaplama-fiyati-82465.webp 853w, https:\/\/kolon-guclendirme.com\/besiktas\/wp-content\/uploads\/sites\/29\/2023\/09\/Besiktas-Zemin-karbon-lif-kaplama-fiyati-82465-768x1080.webp 768w\" sizes=\"(max-width: 853px) 100vw, 853px\" \/><\/a>\n\t\t\t<\/div><\/figure>\n\t\t<\/div>\n\n","protected":false},"excerpt":{"rendered":"<p>Be\u015fikta\u015f Karbon Kaplama Nas\u0131l Yap\u0131l\u0131r? Karbon kaplama, bir\u00e7ok ara\u00e7 ve e\u015fya i\u00e7in g\u00fczel bir g\u00f6r\u00fcn\u00fcm elde etmek i\u00e7in kullan\u0131lan bir y\u00f6ntemdir. Be\u015fikta\u015f karbon kaplama, ara\u00e7lar\u0131n\u0131z\u0131n daha iyi g\u00f6r\u00fcnmesini ve daha &#8230;<\/p>\n","protected":false},"author":1,"featured_media":1489,"comment_status":"open","ping_status":"open","sticky":false,"template":"","format":"standard","meta":{"footnotes":""},"categories":[1],"tags":[30,50,87,14,5],"_links":{"self":[{"href":"https:\/\/kolon-guclendirme.com\/besiktas\/wp-json\/wp\/v2\/posts\/122"}],"collection":[{"href":"https:\/\/kolon-guclendirme.com\/besiktas\/wp-json\/wp\/v2\/posts"}],"about":[{"href":"https:\/\/kolon-guclendirme.com\/besiktas\/wp-json\/wp\/v2\/types\/post"}],"author":[{"embeddable":true,"href":"https:\/\/kolon-guclendirme.com\/besiktas\/wp-json\/wp\/v2\/users\/1"}],"replies":[{"embeddable":true,"href":"https:\/\/kolon-guclendirme.com\/besiktas\/wp-json\/wp\/v2\/comments?post=122"}],"version-history":[{"count":1,"href":"https:\/\/kolon-guclendirme.com\/besiktas\/wp-json\/wp\/v2\/posts\/122\/revisions"}],"predecessor-version":[{"id":1730,"href":"https:\/\/kolon-guclendirme.com\/besiktas\/wp-json\/wp\/v2\/posts\/122\/revisions\/1730"}],"wp:featuredmedia":[{"embeddable":true,"href":"https:\/\/kolon-guclendirme.com\/besiktas\/wp-json\/wp\/v2\/media\/1489"}],"wp:attachment":[{"href":"https:\/\/kolon-guclendirme.com\/besiktas\/wp-json\/wp\/v2\/media?parent=122"}],"wp:term":[{"taxonomy":"category","embeddable":true,"href":"https:\/\/kolon-guclendirme.com\/besiktas\/wp-json\/wp\/v2\/categories?post=122"},{"taxonomy":"post_tag","embeddable":true,"href":"https:\/\/kolon-guclendirme.com\/besiktas\/wp-json\/wp\/v2\/tags?post=122"}],"curies":[{"name":"wp","href":"https:\/\/api.w.org\/{rel}","templated":true}]}}