{"id":236,"date":"2023-10-01T11:15:11","date_gmt":"2023-10-01T08:15:11","guid":{"rendered":"https:\/\/kolon-guclendirme.com\/bayrampasa\/bayrampasa-karbon-fiber-kiris-guclendirme-yapanlar\/"},"modified":"2023-10-01T11:15:11","modified_gmt":"2023-10-01T08:15:11","slug":"bayrampasa-karbon-fiber-kiris-guclendirme-yapanlar","status":"publish","type":"post","link":"https:\/\/kolon-guclendirme.com\/bayrampasa\/bayrampasa-karbon-fiber-kiris-guclendirme-yapanlar\/","title":{"rendered":"Bayrampa\u015fa Karbon fiber kiri\u015f g\u00fc\u00e7lendirme yapanlar"},"content":{"rendered":"<p>Karbon fiber, g\u00fc\u00e7l\u00fc bir malzeme olmas\u0131na ra\u011fmen, y\u00fcksek s\u0131cakl\u0131klara dayan\u0131kl\u0131 de\u011fildir. Bu nedenle, karbon fiber kiri\u015f g\u00fc\u00e7lendirme yapanlar, s\u0131cakl\u0131klar\u0131n d\u00fc\u015ft\u00fc\u011f\u00fc ortamlar\u0131 tercih etmelidir. Ayr\u0131ca, karbon fiber kiri\u015f g\u00fc\u00e7lendirme yapanlar, kiri\u015flerin \u00fczerine basmadan \u00f6nce kiri\u015fleri \u0131s\u0131tmak i\u00e7in bir s\u00fcre beklemelidir.<\/p>\n<p>        <!-- \/wp:paragraph --><\/p>\n<div id='gallery-1' class='gallery galleryid-236 gallery-columns-2 gallery-size-large'><figure class='gallery-item'>\n\t\t\t<div class='gallery-icon portrait'>\n\t\t\t\t<a href='https:\/\/kolon-guclendirme.com\/bayrampasa\/wp-content\/uploads\/sites\/23\/2023\/09\/Bayrampasa-Frp-lif-yapi-guclendirme-ustasi-4915.webp'><img loading=\"lazy\" decoding=\"async\" width=\"853\" height=\"1200\" src=\"https:\/\/kolon-guclendirme.com\/bayrampasa\/wp-content\/uploads\/sites\/23\/2023\/09\/Bayrampasa-Frp-lif-yapi-guclendirme-ustasi-4915.webp\" class=\"attachment-large size-large\" alt=\"\" srcset=\"https:\/\/kolon-guclendirme.com\/bayrampasa\/wp-content\/uploads\/sites\/23\/2023\/09\/Bayrampasa-Frp-lif-yapi-guclendirme-ustasi-4915.webp 853w, https:\/\/kolon-guclendirme.com\/bayrampasa\/wp-content\/uploads\/sites\/23\/2023\/09\/Bayrampasa-Frp-lif-yapi-guclendirme-ustasi-4915-768x1080.webp 768w\" sizes=\"(max-width: 853px) 100vw, 853px\" \/><\/a>\n\t\t\t<\/div><\/figure><figure class='gallery-item'>\n\t\t\t<div class='gallery-icon portrait'>\n\t\t\t\t<a href='https:\/\/kolon-guclendirme.com\/bayrampasa\/wp-content\/uploads\/sites\/23\/2023\/09\/Bayrampasa-Yapi-guclendirme-kredisi-45501.webp'><img loading=\"lazy\" decoding=\"async\" width=\"853\" height=\"1200\" src=\"https:\/\/kolon-guclendirme.com\/bayrampasa\/wp-content\/uploads\/sites\/23\/2023\/09\/Bayrampasa-Yapi-guclendirme-kredisi-45501.webp\" class=\"attachment-large size-large\" alt=\"Alt\u0131ntepsi Carbon ke\u00e7e teras kaplama malzemesi\" srcset=\"https:\/\/kolon-guclendirme.com\/bayrampasa\/wp-content\/uploads\/sites\/23\/2023\/09\/Bayrampasa-Yapi-guclendirme-kredisi-45501.webp 853w, https:\/\/kolon-guclendirme.com\/bayrampasa\/wp-content\/uploads\/sites\/23\/2023\/09\/Bayrampasa-Yapi-guclendirme-kredisi-45501-768x1080.webp 768w\" sizes=\"(max-width: 853px) 100vw, 853px\" \/><\/a>\n\t\t\t<\/div><\/figure>\n\t\t<\/div>\n\n","protected":false},"excerpt":{"rendered":"<p>Karbon fiber, g\u00fc\u00e7l\u00fc bir malzeme olmas\u0131na ra\u011fmen, y\u00fcksek s\u0131cakl\u0131klara dayan\u0131kl\u0131 de\u011fildir. Bu nedenle, karbon fiber kiri\u015f g\u00fc\u00e7lendirme yapanlar, s\u0131cakl\u0131klar\u0131n d\u00fc\u015ft\u00fc\u011f\u00fc ortamlar\u0131 tercih etmelidir. Ayr\u0131ca, karbon fiber kiri\u015f g\u00fc\u00e7lendirme yapanlar, kiri\u015flerin &#8230;<\/p>\n","protected":false},"author":1,"featured_media":1634,"comment_status":"open","ping_status":"open","sticky":false,"template":"","format":"standard","meta":{"footnotes":""},"categories":[1],"tags":[4,11,5,31,65],"_links":{"self":[{"href":"https:\/\/kolon-guclendirme.com\/bayrampasa\/wp-json\/wp\/v2\/posts\/236"}],"collection":[{"href":"https:\/\/kolon-guclendirme.com\/bayrampasa\/wp-json\/wp\/v2\/posts"}],"about":[{"href":"https:\/\/kolon-guclendirme.com\/bayrampasa\/wp-json\/wp\/v2\/types\/post"}],"author":[{"embeddable":true,"href":"https:\/\/kolon-guclendirme.com\/bayrampasa\/wp-json\/wp\/v2\/users\/1"}],"replies":[{"embeddable":true,"href":"https:\/\/kolon-guclendirme.com\/bayrampasa\/wp-json\/wp\/v2\/comments?post=236"}],"version-history":[{"count":1,"href":"https:\/\/kolon-guclendirme.com\/bayrampasa\/wp-json\/wp\/v2\/posts\/236\/revisions"}],"predecessor-version":[{"id":1710,"href":"https:\/\/kolon-guclendirme.com\/bayrampasa\/wp-json\/wp\/v2\/posts\/236\/revisions\/1710"}],"wp:featuredmedia":[{"embeddable":true,"href":"https:\/\/kolon-guclendirme.com\/bayrampasa\/wp-json\/wp\/v2\/media\/1634"}],"wp:attachment":[{"href":"https:\/\/kolon-guclendirme.com\/bayrampasa\/wp-json\/wp\/v2\/media?parent=236"}],"wp:term":[{"taxonomy":"category","embeddable":true,"href":"https:\/\/kolon-guclendirme.com\/bayrampasa\/wp-json\/wp\/v2\/categories?post=236"},{"taxonomy":"post_tag","embeddable":true,"href":"https:\/\/kolon-guclendirme.com\/bayrampasa\/wp-json\/wp\/v2\/tags?post=236"}],"curies":[{"name":"wp","href":"https:\/\/api.w.org\/{rel}","templated":true}]}}