{"id":1824,"date":"2023-11-20T01:25:10","date_gmt":"2023-11-19T22:25:10","guid":{"rendered":"https:\/\/kolon-guclendirme.com\/bayrampasa\/altintepsi-carbon-kece-teras-kaplama-malzemesi\/"},"modified":"2023-11-20T01:25:10","modified_gmt":"2023-11-19T22:25:10","slug":"altintepsi-carbon-kece-teras-kaplama-malzemesi","status":"publish","type":"post","link":"https:\/\/kolon-guclendirme.com\/bayrampasa\/altintepsi-carbon-kece-teras-kaplama-malzemesi\/","title":{"rendered":"Alt\u0131ntepsi Carbon ke\u00e7e teras kaplama malzemesi"},"content":{"rendered":"<h1>Bayrampa\u015fa Alt\u0131ntepsi Carbon ke\u00e7e teras kaplama malzemesi<\/h1>\n<p>Alt\u0131ntepsi&#8217;nin \u00e7ekici dokusu ve modern mimarisi, \u00f6zellikle teraslar\u0131yla dikkat \u00e7ekiyor. Carbon ke\u00e7e teras kaplama malzemesi, bu b\u00f6lgedeki ev sahipleri i\u00e7in m\u00fckemmel bir se\u00e7enek sunuyor. Dayan\u0131kl\u0131l\u0131\u011f\u0131 ve \u00e7evre dostu \u00f6zellikleriyle \u00f6ne \u00e7\u0131kan bu malzeme, Alt\u0131ntepsi&#8217;nin de\u011fi\u015fen hava ko\u015fullar\u0131na ideal bir \u00e7\u00f6z\u00fcm sunuyor. Carbon ke\u00e7e teras kaplamas\u0131, su yal\u0131t\u0131m\u0131 konusunda \u00fcst\u00fcn performans sergilerken, ayn\u0131 zamanda estetik bir g\u00f6r\u00fcn\u00fcm sunar. Alt\u0131ntepsi&#8217;nin g\u00fczellikleriyle birle\u015fen bu kaplama, uzun \u00f6m\u00fcrl\u00fc ve d\u00fc\u015f\u00fck bak\u0131m gereksinimli bir teras deneyimi vaat ediyor.<div id='gallery-1' class='gallery galleryid-1824 gallery-columns-2 gallery-size-large'><figure class='gallery-item'>\n\t\t\t<div class='gallery-icon portrait'>\n\t\t\t\t<a href='https:\/\/kolon-guclendirme.com\/bayrampasa\/wp-content\/uploads\/sites\/23\/2023\/09\/Bayrampasa-Yapi-guclendirme-kredisi-45501.webp'><img loading=\"lazy\" decoding=\"async\" width=\"853\" height=\"1200\" src=\"https:\/\/kolon-guclendirme.com\/bayrampasa\/wp-content\/uploads\/sites\/23\/2023\/09\/Bayrampasa-Yapi-guclendirme-kredisi-45501.webp\" class=\"attachment-large size-large\" alt=\"Alt\u0131ntepsi Carbon ke\u00e7e teras kaplama malzemesi\" srcset=\"https:\/\/kolon-guclendirme.com\/bayrampasa\/wp-content\/uploads\/sites\/23\/2023\/09\/Bayrampasa-Yapi-guclendirme-kredisi-45501.webp 853w, https:\/\/kolon-guclendirme.com\/bayrampasa\/wp-content\/uploads\/sites\/23\/2023\/09\/Bayrampasa-Yapi-guclendirme-kredisi-45501-768x1080.webp 768w\" sizes=\"(max-width: 853px) 100vw, 853px\" \/><\/a>\n\t\t\t<\/div><\/figure><figure class='gallery-item'>\n\t\t\t<div class='gallery-icon portrait'>\n\t\t\t\t<a href='https:\/\/kolon-guclendirme.com\/bayrampasa\/wp-content\/uploads\/sites\/23\/2023\/09\/Bayrampasa-Karbon-lif-tavan-guclendirme-malzemesi-63580.webp'><img loading=\"lazy\" decoding=\"async\" width=\"853\" height=\"1200\" src=\"https:\/\/kolon-guclendirme.com\/bayrampasa\/wp-content\/uploads\/sites\/23\/2023\/09\/Bayrampasa-Karbon-lif-tavan-guclendirme-malzemesi-63580.webp\" class=\"attachment-large size-large\" alt=\"Alt\u0131ntepsi Carbon ke\u00e7e teras kaplama malzemesi\" srcset=\"https:\/\/kolon-guclendirme.com\/bayrampasa\/wp-content\/uploads\/sites\/23\/2023\/09\/Bayrampasa-Karbon-lif-tavan-guclendirme-malzemesi-63580.webp 853w, https:\/\/kolon-guclendirme.com\/bayrampasa\/wp-content\/uploads\/sites\/23\/2023\/09\/Bayrampasa-Karbon-lif-tavan-guclendirme-malzemesi-63580-768x1080.webp 768w\" sizes=\"(max-width: 853px) 100vw, 853px\" \/><\/a>\n\t\t\t<\/div><\/figure>\n\t\t<\/div>\n<\/p>\n","protected":false},"excerpt":{"rendered":"<p>Bayrampa\u015fa Alt\u0131ntepsi Carbon ke\u00e7e teras kaplama malzemesi Alt\u0131ntepsi&#8217;nin \u00e7ekici dokusu ve modern mimarisi, \u00f6zellikle teraslar\u0131yla dikkat \u00e7ekiyor. Carbon ke\u00e7e teras kaplama malzemesi, bu b\u00f6lgedeki ev sahipleri i\u00e7in m\u00fckemmel bir se\u00e7enek &#8230;<\/p>\n","protected":false},"author":0,"featured_media":1465,"comment_status":"","ping_status":"open","sticky":false,"template":"","format":"standard","meta":{"footnotes":""},"categories":[179],"tags":[33,25,23,60,3],"_links":{"self":[{"href":"https:\/\/kolon-guclendirme.com\/bayrampasa\/wp-json\/wp\/v2\/posts\/1824"}],"collection":[{"href":"https:\/\/kolon-guclendirme.com\/bayrampasa\/wp-json\/wp\/v2\/posts"}],"about":[{"href":"https:\/\/kolon-guclendirme.com\/bayrampasa\/wp-json\/wp\/v2\/types\/post"}],"replies":[{"embeddable":true,"href":"https:\/\/kolon-guclendirme.com\/bayrampasa\/wp-json\/wp\/v2\/comments?post=1824"}],"version-history":[{"count":0,"href":"https:\/\/kolon-guclendirme.com\/bayrampasa\/wp-json\/wp\/v2\/posts\/1824\/revisions"}],"wp:featuredmedia":[{"embeddable":true,"href":"https:\/\/kolon-guclendirme.com\/bayrampasa\/wp-json\/wp\/v2\/media\/1465"}],"wp:attachment":[{"href":"https:\/\/kolon-guclendirme.com\/bayrampasa\/wp-json\/wp\/v2\/media?parent=1824"}],"wp:term":[{"taxonomy":"category","embeddable":true,"href":"https:\/\/kolon-guclendirme.com\/bayrampasa\/wp-json\/wp\/v2\/categories?post=1824"},{"taxonomy":"post_tag","embeddable":true,"href":"https:\/\/kolon-guclendirme.com\/bayrampasa\/wp-json\/wp\/v2\/tags?post=1824"}],"curies":[{"name":"wp","href":"https:\/\/api.w.org\/{rel}","templated":true}]}}