{"id":69,"date":"2023-10-01T11:12:00","date_gmt":"2023-10-01T08:12:00","guid":{"rendered":"https:\/\/kolon-guclendirme.com\/balikesir\/balikesir-ivrindi-carbon-lif-duvar-kaplama-malzemesi-4856\/"},"modified":"2023-10-01T11:12:00","modified_gmt":"2023-10-01T08:12:00","slug":"balikesir-ivrindi-carbon-lif-duvar-kaplama-malzemesi-4856","status":"publish","type":"post","link":"https:\/\/kolon-guclendirme.com\/balikesir\/balikesir-ivrindi-carbon-lif-duvar-kaplama-malzemesi-4856\/","title":{"rendered":"Bal\u0131kesir ivrindi Carbon lif duvar kaplama malzemesi"},"content":{"rendered":"<p>Bal\u0131kesir ivrindi Carbon lif duvar kaplama malzemesi 4856 ivrindi Karbon ke\u00e7e duvar g\u00fc\u00e7lendirme 3711, Edremit Carbon fiber teras g\u00fc\u00e7lendirme sistemleri 6028, Havran 4 katl\u0131 yap\u0131 g\u00fc\u00e7lendirme ustas\u0131 5333, Ayval\u0131k 4 katl\u0131 apartman karbon g\u00fc\u00e7lendirme maliyeti 4746, Edremit Yap\u0131 frp fiber kaplama firmas\u0131 1118, Susurluk Yap\u0131 frp elyaf kaplama firmalar\u0131 9860 Bal\u0131kesir ve S\u0131nd\u0131rg\u0131 de Hizmet vermekteyiz Karbon Fiber Kolon Kiri\u015f G\u00fc\u00e7lendirme i\u015flerinizde En uygun Fiyat Kaliteli i\u015f\u00e7ilik i\u00e7in 7\/24 Saat Firmam\u0131z ile ileti\u015fime Ge\u00e7ebilirsiniz www.karbonfiberbinaguclendirme.com +905427483855<\/p>\n<p>        <!-- \/wp:paragraph --><\/p>\n<div id='gallery-1' class='gallery galleryid-69 gallery-columns-2 gallery-size-large'><figure class='gallery-item'>\n\t\t\t<div class='gallery-icon portrait'>\n\t\t\t\t<a href='https:\/\/kolon-guclendirme.com\/balikesir\/wp-content\/uploads\/sites\/19\/2023\/09\/Balikesir-Zemin-frp-lif-guclendirme-maliyeti-92961.webp'><img loading=\"lazy\" decoding=\"async\" width=\"853\" height=\"1200\" src=\"https:\/\/kolon-guclendirme.com\/balikesir\/wp-content\/uploads\/sites\/19\/2023\/09\/Balikesir-Zemin-frp-lif-guclendirme-maliyeti-92961.webp\" class=\"attachment-large size-large\" alt=\"\" srcset=\"https:\/\/kolon-guclendirme.com\/balikesir\/wp-content\/uploads\/sites\/19\/2023\/09\/Balikesir-Zemin-frp-lif-guclendirme-maliyeti-92961.webp 853w, https:\/\/kolon-guclendirme.com\/balikesir\/wp-content\/uploads\/sites\/19\/2023\/09\/Balikesir-Zemin-frp-lif-guclendirme-maliyeti-92961-768x1080.webp 768w\" sizes=\"(max-width: 853px) 100vw, 853px\" \/><\/a>\n\t\t\t<\/div><\/figure><figure class='gallery-item'>\n\t\t\t<div class='gallery-icon portrait'>\n\t\t\t\t<a href='https:\/\/kolon-guclendirme.com\/balikesir\/wp-content\/uploads\/sites\/19\/2023\/09\/Balikesir-Karbon-fiberle-binalar-nasil-guclendirilir-1214.webp'><img loading=\"lazy\" decoding=\"async\" width=\"853\" height=\"1200\" src=\"https:\/\/kolon-guclendirme.com\/balikesir\/wp-content\/uploads\/sites\/19\/2023\/09\/Balikesir-Karbon-fiberle-binalar-nasil-guclendirilir-1214.webp\" class=\"attachment-large size-large\" alt=\"Ayval\u0131k Duvar karbon ke\u00e7e kaplama ustas\u0131\" srcset=\"https:\/\/kolon-guclendirme.com\/balikesir\/wp-content\/uploads\/sites\/19\/2023\/09\/Balikesir-Karbon-fiberle-binalar-nasil-guclendirilir-1214.webp 853w, https:\/\/kolon-guclendirme.com\/balikesir\/wp-content\/uploads\/sites\/19\/2023\/09\/Balikesir-Karbon-fiberle-binalar-nasil-guclendirilir-1214-768x1080.webp 768w\" sizes=\"(max-width: 853px) 100vw, 853px\" \/><\/a>\n\t\t\t<\/div><\/figure>\n\t\t<\/div>\n\n","protected":false},"excerpt":{"rendered":"<p>Bal\u0131kesir ivrindi Carbon lif duvar kaplama malzemesi 4856 ivrindi Karbon ke\u00e7e duvar g\u00fc\u00e7lendirme 3711, Edremit Carbon fiber teras g\u00fc\u00e7lendirme sistemleri 6028, Havran 4 katl\u0131 yap\u0131 g\u00fc\u00e7lendirme ustas\u0131 5333, Ayval\u0131k 4 &#8230;<\/p>\n","protected":false},"author":1,"featured_media":1556,"comment_status":"open","ping_status":"open","sticky":false,"template":"","format":"standard","meta":{"footnotes":""},"categories":[1],"tags":[13,92,9,114,44],"_links":{"self":[{"href":"https:\/\/kolon-guclendirme.com\/balikesir\/wp-json\/wp\/v2\/posts\/69"}],"collection":[{"href":"https:\/\/kolon-guclendirme.com\/balikesir\/wp-json\/wp\/v2\/posts"}],"about":[{"href":"https:\/\/kolon-guclendirme.com\/balikesir\/wp-json\/wp\/v2\/types\/post"}],"author":[{"embeddable":true,"href":"https:\/\/kolon-guclendirme.com\/balikesir\/wp-json\/wp\/v2\/users\/1"}],"replies":[{"embeddable":true,"href":"https:\/\/kolon-guclendirme.com\/balikesir\/wp-json\/wp\/v2\/comments?post=69"}],"version-history":[{"count":1,"href":"https:\/\/kolon-guclendirme.com\/balikesir\/wp-json\/wp\/v2\/posts\/69\/revisions"}],"predecessor-version":[{"id":1749,"href":"https:\/\/kolon-guclendirme.com\/balikesir\/wp-json\/wp\/v2\/posts\/69\/revisions\/1749"}],"wp:featuredmedia":[{"embeddable":true,"href":"https:\/\/kolon-guclendirme.com\/balikesir\/wp-json\/wp\/v2\/media\/1556"}],"wp:attachment":[{"href":"https:\/\/kolon-guclendirme.com\/balikesir\/wp-json\/wp\/v2\/media?parent=69"}],"wp:term":[{"taxonomy":"category","embeddable":true,"href":"https:\/\/kolon-guclendirme.com\/balikesir\/wp-json\/wp\/v2\/categories?post=69"},{"taxonomy":"post_tag","embeddable":true,"href":"https:\/\/kolon-guclendirme.com\/balikesir\/wp-json\/wp\/v2\/tags?post=69"}],"curies":[{"name":"wp","href":"https:\/\/api.w.org\/{rel}","templated":true}]}}